{"id":8613,"date":"2020-02-22T16:23:13","date_gmt":"2020-02-22T16:23:13","guid":{"rendered":"https:\/\/cimodavinha.pt\/le-fleuve-douro-a-castelo-de-paiva\/"},"modified":"2025-02-20T14:55:33","modified_gmt":"2025-02-20T14:55:33","slug":"le-fleuve-douro-a-castelo-de-paiva","status":"publish","type":"post","link":"https:\/\/cimodavinha.pt\/fr\/le-fleuve-douro-a-castelo-de-paiva\/","title":{"rendered":"Le fleuve Douro \u00e0 Castelo de Paiva"},"content":{"rendered":"\t\t<div data-elementor-type=\"wp-post\" data-elementor-id=\"8613\" class=\"elementor elementor-8613 elementor-7773\">\n\t\t\t\t\t\t<section class=\"elementor-section elementor-top-section elementor-element elementor-element-a918424 elementor-section-boxed elementor-section-height-default elementor-section-height-default\" data-id=\"a918424\" data-element_type=\"section\" data-e-type=\"section\">\n\t\t\t\t\t\t<div class=\"elementor-container elementor-column-gap-default\">\n\t\t\t\t\t<div class=\"elementor-column elementor-col-100 elementor-top-column elementor-element elementor-element-f200f79\" data-id=\"f200f79\" data-element_type=\"column\" data-e-type=\"column\">\n\t\t\t<div class=\"elementor-widget-wrap elementor-element-populated\">\n\t\t\t\t\t\t<div class=\"elementor-element elementor-element-3e945ab elementor-widget elementor-widget-text-editor\" data-id=\"3e945ab\" data-element_type=\"widget\" data-e-type=\"widget\" data-widget_type=\"text-editor.default\">\n\t\t\t\t<div class=\"elementor-widget-container\">\n\t\t\t\t\t\t\t\t\t<p>Le Douro, qui prend naissance en Espagne \u00e0 plus de 2000 m\u00e8tres d&rsquo;altitude, est le troisi\u00e8me plus grand fleuve de la p\u00e9ninsule ib\u00e9rique et parcourt 850 km jusqu&rsquo;\u00e0 son embouchure au Portugal, entre les villes de Porto et Vila Nova de Gaia. Il a jou\u00e9 un r\u00f4le tr\u00e8s important dans l&rsquo;\u00e9conomie locale, ayant \u00e9t\u00e9 l&rsquo;un de ses principaux moyens de communication et de transport.<\/p>\n<p>Dans le pass\u00e9, le Douro \u00e9tait un fleuve dangereux et il \u00e9tait tr\u00e8s difficile d\u2019y naviguer, seuls les bateaux de rabelo pouvaient circuler pour transporter les barils de vin de Porto. Cependant, apr\u00e8s la construction de plusieurs barrages, il est devenu plus navigable, ce qui a permis la prolif\u00e9ration des croisi\u00e8res et des voyages touristiques.<\/p>\n<p>Poss\u00e9dant un paysage unique et \u00e9poustouflant, la r\u00e9gion viticole du Haut-Douro a \u00e9t\u00e9 consid\u00e9r\u00e9e par l&rsquo;UNESCO comme un site du <em>Patrimoine Mondial<\/em>, dans la cat\u00e9gorie des paysages culturels.<\/p>\n<p>Situ\u00e9 \u00e0 l&rsquo;extr\u00e9mit\u00e9 nord de Castelo de Paiva, le fleuve Douro fait partie de l&rsquo;histoire du comt\u00e9 et offre plusieurs grandes attractions naturelles.<\/p>\n<p>Le fleuve Douro \u00e0 Castelo de Paiva:<br \/>(class\u00e9s par ordre de proximit\u00e9 avec <em>Cimo da Vinha<\/em>)<\/p>\n\t\t\t\t\t\t\t\t<\/div>\n\t\t\t\t<\/div>\n\t\t\t\t\t<\/div>\n\t\t<\/div>\n\t\t\t\t\t<\/div>\n\t\t<\/section>\n\t\t\t\t<section class=\"elementor-section elementor-top-section elementor-element elementor-element-d11eceb elementor-section-boxed elementor-section-height-default elementor-section-height-default\" data-id=\"d11eceb\" data-element_type=\"section\" data-e-type=\"section\">\n\t\t\t\t\t\t<div class=\"elementor-container elementor-column-gap-default\">\n\t\t\t\t\t<div class=\"elementor-column elementor-col-100 elementor-top-column elementor-element elementor-element-0173824\" data-id=\"0173824\" data-element_type=\"column\" data-e-type=\"column\">\n\t\t\t<div class=\"elementor-widget-wrap elementor-element-populated\">\n\t\t\t\t\t\t<div class=\"elementor-element elementor-element-53dc16c elementor-widget elementor-widget-heading\" data-id=\"53dc16c\" data-element_type=\"widget\" data-e-type=\"widget\" data-widget_type=\"heading.default\">\n\t\t\t\t<div class=\"elementor-widget-container\">\n\t\t\t\t\t<h2 class=\"elementor-heading-title elementor-size-default\">O\u00f9 loger lors de votre visite?<\/h2>\t\t\t\t<\/div>\n\t\t\t\t<\/div>\n\t\t\t\t\t<\/div>\n\t\t<\/div>\n\t\t\t\t\t<\/div>\n\t\t<\/section>\n\t\t\t\t<section class=\"elementor-section elementor-top-section elementor-element elementor-element-93b0885 elementor-section-boxed elementor-section-height-default elementor-section-height-default\" data-id=\"93b0885\" data-element_type=\"section\" data-e-type=\"section\">\n\t\t\t\t\t\t<div class=\"elementor-container elementor-column-gap-default\">\n\t\t\t\t\t<div class=\"elementor-column elementor-col-100 elementor-top-column elementor-element elementor-element-8322e82\" data-id=\"8322e82\" data-element_type=\"column\" data-e-type=\"column\">\n\t\t\t<div class=\"elementor-widget-wrap elementor-element-populated\">\n\t\t\t\t\t\t<div class=\"elementor-element elementor-element-0427393 elementor-widget elementor-widget-text-editor\" data-id=\"0427393\" data-element_type=\"widget\" data-e-type=\"widget\" data-widget_type=\"text-editor.default\">\n\t\t\t\t<div class=\"elementor-widget-container\">\n\t\t\t\t\t\t\t\t\t<p>Ce voyage pourrait \u00eatre une occasion unique de passer la nuit avec nous, \u00e0 <strong>Cimo da Vinha &#8211; Nature Spot<\/strong>, dans l&rsquo;une de <a href=\"https:\/\/cimodavinha.pt\/fr\/chambres\/\">nos Suites, Canastro ou Tentes Glamping<\/a>.<\/p><p>Le prestigieux portail allemand de tourisme de nature <strong>Camperguru<\/strong> a choisi Cimo da Vinha comme l&rsquo;un des <a href=\"https:\/\/camperguru.com\/top-european-glamping\/\" target=\"_blank\" rel=\"noopener\">meilleurs glampings europ\u00e9ens \u00e0 visiter en 2025<\/a>.<\/p>\t\t\t\t\t\t\t\t<\/div>\n\t\t\t\t<\/div>\n\t\t\t\t\t<\/div>\n\t\t<\/div>\n\t\t\t\t\t<\/div>\n\t\t<\/section>\n\t\t\t\t<section class=\"elementor-section elementor-top-section elementor-element elementor-element-b12e915 elementor-section-boxed elementor-section-height-default elementor-section-height-default\" data-id=\"b12e915\" data-element_type=\"section\" data-e-type=\"section\">\n\t\t\t\t\t\t<div class=\"elementor-container elementor-column-gap-default\">\n\t\t\t\t\t<div class=\"elementor-column elementor-col-100 elementor-top-column elementor-element elementor-element-72274ee\" data-id=\"72274ee\" data-element_type=\"column\" data-e-type=\"column\">\n\t\t\t<div class=\"elementor-widget-wrap elementor-element-populated\">\n\t\t\t\t\t\t<div class=\"elementor-element elementor-element-7093636 elementor-widget elementor-widget-spacer\" data-id=\"7093636\" data-element_type=\"widget\" data-e-type=\"widget\" data-widget_type=\"spacer.default\">\n\t\t\t\t<div class=\"elementor-widget-container\">\n\t\t\t\t\t\t\t<div class=\"elementor-spacer\">\n\t\t\t<div class=\"elementor-spacer-inner\"><\/div>\n\t\t<\/div>\n\t\t\t\t\t\t<\/div>\n\t\t\t\t<\/div>\n\t\t\t\t\t<\/div>\n\t\t<\/div>\n\t\t\t\t\t<\/div>\n\t\t<\/section>\n\t\t\t\t<section class=\"elementor-section elementor-top-section elementor-element elementor-element-63b1830 elementor-section-boxed elementor-section-height-default elementor-section-height-default\" data-id=\"63b1830\" data-element_type=\"section\" data-e-type=\"section\">\n\t\t\t\t\t\t<div class=\"elementor-container elementor-column-gap-default\">\n\t\t\t\t\t<div class=\"elementor-column elementor-col-100 elementor-top-column elementor-element elementor-element-b3ea722\" data-id=\"b3ea722\" data-element_type=\"column\" data-e-type=\"column\">\n\t\t\t<div class=\"elementor-widget-wrap elementor-element-populated\">\n\t\t\t\t\t\t<div class=\"elementor-element elementor-element-d482bb0 elementor-widget elementor-widget-heading\" data-id=\"d482bb0\" data-element_type=\"widget\" data-e-type=\"widget\" data-widget_type=\"heading.default\">\n\t\t\t\t<div class=\"elementor-widget-container\">\n\t\t\t\t\t<h2 class=\"elementor-heading-title elementor-size-default\">L'\u00eele de Loves et la plage de Castelo<\/h2>\t\t\t\t<\/div>\n\t\t\t\t<\/div>\n\t\t\t\t\t<\/div>\n\t\t<\/div>\n\t\t\t\t\t<\/div>\n\t\t<\/section>\n\t\t\t\t<section class=\"elementor-section elementor-top-section elementor-element elementor-element-e20e204 elementor-section-boxed elementor-section-height-default elementor-section-height-default\" data-id=\"e20e204\" data-element_type=\"section\" data-e-type=\"section\">\n\t\t\t\t\t\t<div class=\"elementor-container elementor-column-gap-default\">\n\t\t\t\t\t<div class=\"elementor-column elementor-col-50 elementor-top-column elementor-element elementor-element-de5822c\" data-id=\"de5822c\" data-element_type=\"column\" data-e-type=\"column\">\n\t\t\t<div class=\"elementor-widget-wrap elementor-element-populated\">\n\t\t\t\t\t\t<div class=\"elementor-element elementor-element-9754e7e elementor-widget elementor-widget-text-editor\" data-id=\"9754e7e\" data-element_type=\"widget\" data-e-type=\"widget\" data-widget_type=\"text-editor.default\">\n\t\t\t\t<div class=\"elementor-widget-container\">\n\t\t\t\t\t\t\t\t\t<p> <strong><img decoding=\"async\" class=\"alignnone size-full wp-image-7565\" src=\"https:\/\/cimodavinha.pt\/wp-content\/uploads\/2021\/04\/leaf-icon.png\" alt=\"\" width=\"12\" height=\"12\"> Distance de <i>Cimo da Vinha<\/i>:<\/strong>12 km<strong><br \/><\/strong><\/p>\n\t\t\t\t\t\t\t\t<\/div>\n\t\t\t\t<\/div>\n\t\t\t\t\t<\/div>\n\t\t<\/div>\n\t\t\t\t<div class=\"elementor-column elementor-col-50 elementor-top-column elementor-element elementor-element-1ef73f3\" data-id=\"1ef73f3\" data-element_type=\"column\" data-e-type=\"column\">\n\t\t\t<div class=\"elementor-widget-wrap elementor-element-populated\">\n\t\t\t\t\t\t<div class=\"elementor-element elementor-element-8f2eb01 elementor-widget elementor-widget-text-editor\" data-id=\"8f2eb01\" data-element_type=\"widget\" data-e-type=\"widget\" data-widget_type=\"text-editor.default\">\n\t\t\t\t<div class=\"elementor-widget-container\">\n\t\t\t\t\t\t\t\t\t<p> <strong><img decoding=\"async\" class=\"alignnone size-full wp-image-7594\" src=\"https:\/\/cimodavinha.pt\/wp-content\/uploads\/2021\/04\/wheniconpng.png\" alt=\"\" width=\"12\" height=\"12\"> Toute l\u2019ann\u00e9e<\/strong>(l&rsquo;\u00e9t\u00e9 est plus invitant aux plong\u00e9es)<strong><br \/><\/strong><\/p>\n\t\t\t\t\t\t\t\t<\/div>\n\t\t\t\t<\/div>\n\t\t\t\t\t<\/div>\n\t\t<\/div>\n\t\t\t\t\t<\/div>\n\t\t<\/section>\n\t\t\t\t<section class=\"elementor-section elementor-top-section elementor-element elementor-element-507a692 elementor-section-boxed elementor-section-height-default elementor-section-height-default\" data-id=\"507a692\" data-element_type=\"section\" data-e-type=\"section\">\n\t\t\t\t\t\t<div class=\"elementor-container elementor-column-gap-default\">\n\t\t\t\t\t<div class=\"elementor-column elementor-col-100 elementor-top-column elementor-element elementor-element-74ccdff\" data-id=\"74ccdff\" data-element_type=\"column\" data-e-type=\"column\">\n\t\t\t<div class=\"elementor-widget-wrap elementor-element-populated\">\n\t\t\t\t\t\t<div class=\"elementor-element elementor-element-931cec7 elementor-widget elementor-widget-image\" data-id=\"931cec7\" data-element_type=\"widget\" data-e-type=\"widget\" data-widget_type=\"image.default\">\n\t\t\t\t<div class=\"elementor-widget-container\">\n\t\t\t\t\t\t\t\t\t\t\t\t<figure class=\"wp-caption\">\n\t\t\t\t\t\t\t\t\t\t<img decoding=\"async\" src=\"https:\/\/cimodavinha.pt\/wp-content\/uploads\/2021\/04\/ilha-dos-amores.jpg\" title=\"ilha dos amores\" alt=\"Ilha dos Amores - Castelo de Paiva\" loading=\"lazy\" \/>\t\t\t\t\t\t\t\t\t\t\t<figcaption class=\"widget-image-caption wp-caption-text\">\u00a9 photo par Litoral Magazine<\/figcaption>\n\t\t\t\t\t\t\t\t\t\t<\/figure>\n\t\t\t\t\t\t\t\t\t<\/div>\n\t\t\t\t<\/div>\n\t\t\t\t\t<\/div>\n\t\t<\/div>\n\t\t\t\t\t<\/div>\n\t\t<\/section>\n\t\t\t\t<section class=\"elementor-section elementor-top-section elementor-element elementor-element-ce526a4 elementor-section-boxed elementor-section-height-default elementor-section-height-default\" data-id=\"ce526a4\" data-element_type=\"section\" data-e-type=\"section\">\n\t\t\t\t\t\t<div class=\"elementor-container elementor-column-gap-default\">\n\t\t\t\t\t<div class=\"elementor-column elementor-col-100 elementor-top-column elementor-element elementor-element-3f4c5b6\" data-id=\"3f4c5b6\" data-element_type=\"column\" data-e-type=\"column\">\n\t\t\t<div class=\"elementor-widget-wrap elementor-element-populated\">\n\t\t\t\t\t\t<div class=\"elementor-element elementor-element-520ada6 elementor-widget elementor-widget-text-editor\" data-id=\"520ada6\" data-element_type=\"widget\" data-e-type=\"widget\" data-widget_type=\"text-editor.default\">\n\t\t\t\t<div class=\"elementor-widget-container\">\n\t\t\t\t\t\t\t\t\t<p>Situ\u00e9e \u00e0 l&#8217;embouchure du <strong>fleuve Paiva <\/strong> et entour\u00e9e de l\u00e9gendes, l&rsquo; <strong>l&rsquo;\u00eele de Loves <\/strong> est l&rsquo;un des <em>ex libris<\/em> de la nature de la r\u00e9gion. Une petite \u00eele d\u00e9serte au milieu du <strong>Douro<\/strong> o\u00f9 l&rsquo;isolement a permis \u00e0 la v\u00e9g\u00e9tation indig\u00e8ne de rester presque intacte avec d&rsquo;imposants et vieux pins, ch\u00eanes, oliviers, fr\u00eanes, aulnes et roseaux. Acc\u00e9dez-y en kayak, en bateau, ou contemplez-la depuis la <strong>praia e cais do Castelo<\/strong> o\u00f9 vous pourrez \u00e9galement vous d\u00e9tendre sur la plage ou en terrasse.<\/p>\n\t\t\t\t\t\t\t\t<\/div>\n\t\t\t\t<\/div>\n\t\t\t\t\t<\/div>\n\t\t<\/div>\n\t\t\t\t\t<\/div>\n\t\t<\/section>\n\t\t\t\t<section class=\"elementor-section elementor-top-section elementor-element elementor-element-cb990fa elementor-section-boxed elementor-section-height-default elementor-section-height-default\" data-id=\"cb990fa\" data-element_type=\"section\" data-e-type=\"section\">\n\t\t\t\t\t\t<div class=\"elementor-container elementor-column-gap-default\">\n\t\t\t\t\t<div class=\"elementor-column elementor-col-100 elementor-top-column elementor-element elementor-element-b24d52a\" data-id=\"b24d52a\" data-element_type=\"column\" data-e-type=\"column\">\n\t\t\t<div class=\"elementor-widget-wrap elementor-element-populated\">\n\t\t\t\t\t\t<div class=\"elementor-element elementor-element-364f4f7 elementor-widget elementor-widget-heading\" data-id=\"364f4f7\" data-element_type=\"widget\" data-e-type=\"widget\" data-widget_type=\"heading.default\">\n\t\t\t\t<div class=\"elementor-widget-container\">\n\t\t\t\t\t<h2 class=\"elementor-heading-title elementor-size-default\">Villages de schiste de Gondar\u00e9m et Mid\u00f5es<\/h2>\t\t\t\t<\/div>\n\t\t\t\t<\/div>\n\t\t\t\t\t<\/div>\n\t\t<\/div>\n\t\t\t\t\t<\/div>\n\t\t<\/section>\n\t\t\t\t<section class=\"elementor-section elementor-top-section elementor-element elementor-element-e740d47 elementor-section-boxed elementor-section-height-default elementor-section-height-default\" data-id=\"e740d47\" data-element_type=\"section\" data-e-type=\"section\">\n\t\t\t\t\t\t<div class=\"elementor-container elementor-column-gap-default\">\n\t\t\t\t\t<div class=\"elementor-column elementor-col-50 elementor-top-column elementor-element elementor-element-9da2aaa\" data-id=\"9da2aaa\" data-element_type=\"column\" data-e-type=\"column\">\n\t\t\t<div class=\"elementor-widget-wrap elementor-element-populated\">\n\t\t\t\t\t\t<div class=\"elementor-element elementor-element-f583f7f elementor-widget elementor-widget-text-editor\" data-id=\"f583f7f\" data-element_type=\"widget\" data-e-type=\"widget\" data-widget_type=\"text-editor.default\">\n\t\t\t\t<div class=\"elementor-widget-container\">\n\t\t\t\t\t\t\t\t\t<p> <strong><img decoding=\"async\" class=\"alignnone size-full wp-image-7565\" src=\"https:\/\/cimodavinha.pt\/wp-content\/uploads\/2021\/04\/leaf-icon.png\" alt=\"\" width=\"12\" height=\"12\"> Distance de <i>Cimo da Vinha<\/i>:<\/strong><span style=\"color: #4ec5a5;\"><strong>A<\/strong><\/span> 13 km | <span style=\"color: #4ec5a5;\"><strong>B<\/strong><\/span> 14 km<strong><br \/><\/strong><\/p>\n\t\t\t\t\t\t\t\t<\/div>\n\t\t\t\t<\/div>\n\t\t\t\t\t<\/div>\n\t\t<\/div>\n\t\t\t\t<div class=\"elementor-column elementor-col-50 elementor-top-column elementor-element elementor-element-ae5dcc7\" data-id=\"ae5dcc7\" data-element_type=\"column\" data-e-type=\"column\">\n\t\t\t<div class=\"elementor-widget-wrap elementor-element-populated\">\n\t\t\t\t\t\t<div class=\"elementor-element elementor-element-bb5ef2e elementor-widget elementor-widget-text-editor\" data-id=\"bb5ef2e\" data-element_type=\"widget\" data-e-type=\"widget\" data-widget_type=\"text-editor.default\">\n\t\t\t\t<div class=\"elementor-widget-container\">\n\t\t\t\t\t\t\t\t\t<p><strong><img decoding=\"async\" class=\"alignnone size-full wp-image-7594\" src=\"https:\/\/cimodavinha.pt\/wp-content\/uploads\/2021\/04\/wheniconpng.png\" alt=\"\" width=\"12\" height=\"12\"> Toute l\u2019ann\u00e9e <\/strong><strong><br \/><\/strong><\/p>\n\t\t\t\t\t\t\t\t<\/div>\n\t\t\t\t<\/div>\n\t\t\t\t\t<\/div>\n\t\t<\/div>\n\t\t\t\t\t<\/div>\n\t\t<\/section>\n\t\t\t\t<section class=\"elementor-section elementor-top-section elementor-element elementor-element-06574ab elementor-section-boxed elementor-section-height-default elementor-section-height-default\" data-id=\"06574ab\" data-element_type=\"section\" data-e-type=\"section\">\n\t\t\t\t\t\t<div class=\"elementor-container elementor-column-gap-default\">\n\t\t\t\t\t<div class=\"elementor-column elementor-col-100 elementor-top-column elementor-element elementor-element-8ca1295\" data-id=\"8ca1295\" data-element_type=\"column\" data-e-type=\"column\">\n\t\t\t<div class=\"elementor-widget-wrap elementor-element-populated\">\n\t\t\t\t\t\t<div class=\"elementor-element elementor-element-30cf76f elementor-widget elementor-widget-image\" data-id=\"30cf76f\" data-element_type=\"widget\" data-e-type=\"widget\" data-widget_type=\"image.default\">\n\t\t\t\t<div class=\"elementor-widget-container\">\n\t\t\t\t\t\t\t\t\t\t\t\t<figure class=\"wp-caption\">\n\t\t\t\t\t\t\t\t\t\t<img decoding=\"async\" src=\"https:\/\/cimodavinha.pt\/wp-content\/uploads\/2021\/04\/midoes.jpg\" title=\"midoes\" alt=\"aldeia de xisto de Mid\u00f5es - Castelo de Paiva\" loading=\"lazy\" \/>\t\t\t\t\t\t\t\t\t\t\t<figcaption class=\"widget-image-caption wp-caption-text\">Mid\u00f5es \u00a9 photo par Montanhas M\u00e1gicas<\/figcaption>\n\t\t\t\t\t\t\t\t\t\t<\/figure>\n\t\t\t\t\t\t\t\t\t<\/div>\n\t\t\t\t<\/div>\n\t\t\t\t\t<\/div>\n\t\t<\/div>\n\t\t\t\t\t<\/div>\n\t\t<\/section>\n\t\t\t\t<section class=\"elementor-section elementor-top-section elementor-element elementor-element-1e141df elementor-section-boxed elementor-section-height-default elementor-section-height-default\" data-id=\"1e141df\" data-element_type=\"section\" data-e-type=\"section\">\n\t\t\t\t\t\t<div class=\"elementor-container elementor-column-gap-default\">\n\t\t\t\t\t<div class=\"elementor-column elementor-col-100 elementor-top-column elementor-element elementor-element-0ba9a70\" data-id=\"0ba9a70\" data-element_type=\"column\" data-e-type=\"column\">\n\t\t\t<div class=\"elementor-widget-wrap elementor-element-populated\">\n\t\t\t\t\t\t<div class=\"elementor-element elementor-element-e7d6a79 elementor-widget elementor-widget-text-editor\" data-id=\"e7d6a79\" data-element_type=\"widget\" data-e-type=\"widget\" data-widget_type=\"text-editor.default\">\n\t\t\t\t<div class=\"elementor-widget-container\">\n\t\t\t\t\t\t\t\t\t<p>Deux des plus beaux et des plus anciens <strong>villages de la rive du Douro<\/strong>, \u00e0 Castelo de Paiva. <span style=\"color: #4ec5a5;\"><strong>A<\/strong><\/span>) Gondar\u00e9m a un aspect plus <strong>rustique, au milieu des bois<\/strong>, o\u00f9 de vieilles maisons de schiste et des champs se fondant dans la for\u00eat, d\u00e9filent le long de la rive du fleuve. Juste \u00e0 c\u00f4t\u00e9, <span style=\"color: #4ec5a5;\"><strong>B<\/strong><\/span>) Mid\u00f5es a une vue imprenable sur un immense \u00ab\u00a0vignoble suspendu\u00a0\u00bb, un <strong>quai bucolique <\/strong> sur le fleuve Douro, et plusieurs belles propri\u00e9t\u00e9s en schiste.<\/p>\n\t\t\t\t\t\t\t\t<\/div>\n\t\t\t\t<\/div>\n\t\t\t\t\t<\/div>\n\t\t<\/div>\n\t\t\t\t\t<\/div>\n\t\t<\/section>\n\t\t\t\t<section class=\"elementor-section elementor-top-section elementor-element elementor-element-cbd57c4 elementor-section-boxed elementor-section-height-default elementor-section-height-default\" data-id=\"cbd57c4\" data-element_type=\"section\" data-e-type=\"section\">\n\t\t\t\t\t\t<div class=\"elementor-container elementor-column-gap-default\">\n\t\t\t\t\t<div class=\"elementor-column elementor-col-100 elementor-top-column elementor-element elementor-element-358deb6\" data-id=\"358deb6\" data-element_type=\"column\" data-e-type=\"column\">\n\t\t\t<div class=\"elementor-widget-wrap elementor-element-populated\">\n\t\t\t\t\t\t<div class=\"elementor-element elementor-element-8e2cc94 elementor-widget elementor-widget-heading\" data-id=\"8e2cc94\" data-element_type=\"widget\" data-e-type=\"widget\" data-widget_type=\"heading.default\">\n\t\t\t\t<div class=\"elementor-widget-container\">\n\t\t\t\t\t<h2 class=\"elementor-heading-title elementor-size-default\">Quai de Boure et rivi\u00e8re Sardoura<\/h2>\t\t\t\t<\/div>\n\t\t\t\t<\/div>\n\t\t\t\t\t<\/div>\n\t\t<\/div>\n\t\t\t\t\t<\/div>\n\t\t<\/section>\n\t\t\t\t<section class=\"elementor-section elementor-top-section elementor-element elementor-element-a5ca2ab elementor-section-boxed elementor-section-height-default elementor-section-height-default\" data-id=\"a5ca2ab\" data-element_type=\"section\" data-e-type=\"section\">\n\t\t\t\t\t\t<div class=\"elementor-container elementor-column-gap-default\">\n\t\t\t\t\t<div class=\"elementor-column elementor-col-50 elementor-top-column elementor-element elementor-element-1a00bd1\" data-id=\"1a00bd1\" data-element_type=\"column\" data-e-type=\"column\">\n\t\t\t<div class=\"elementor-widget-wrap elementor-element-populated\">\n\t\t\t\t\t\t<div class=\"elementor-element elementor-element-5d1961f elementor-widget elementor-widget-text-editor\" data-id=\"5d1961f\" data-element_type=\"widget\" data-e-type=\"widget\" data-widget_type=\"text-editor.default\">\n\t\t\t\t<div class=\"elementor-widget-container\">\n\t\t\t\t\t\t\t\t\t<p> <strong><img decoding=\"async\" class=\"alignnone size-full wp-image-7565\" src=\"https:\/\/cimodavinha.pt\/wp-content\/uploads\/2021\/04\/leaf-icon.png\" alt=\"\" width=\"12\" height=\"12\"> Distance de <i>Cimo da Vinha<\/i>:<\/strong>14 km<strong><br \/><\/strong><\/p>\n\t\t\t\t\t\t\t\t<\/div>\n\t\t\t\t<\/div>\n\t\t\t\t\t<\/div>\n\t\t<\/div>\n\t\t\t\t<div class=\"elementor-column elementor-col-50 elementor-top-column elementor-element elementor-element-ae30929\" data-id=\"ae30929\" data-element_type=\"column\" data-e-type=\"column\">\n\t\t\t<div class=\"elementor-widget-wrap elementor-element-populated\">\n\t\t\t\t\t\t<div class=\"elementor-element elementor-element-4e63d5a elementor-widget elementor-widget-text-editor\" data-id=\"4e63d5a\" data-element_type=\"widget\" data-e-type=\"widget\" data-widget_type=\"text-editor.default\">\n\t\t\t\t<div class=\"elementor-widget-container\">\n\t\t\t\t\t\t\t\t\t<p><strong><img decoding=\"async\" class=\"alignnone size-full wp-image-7594\" src=\"https:\/\/cimodavinha.pt\/wp-content\/uploads\/2021\/04\/wheniconpng.png\" alt=\"\" width=\"12\" height=\"12\"> Toute l\u2019ann\u00e9e <\/strong><strong><br \/><\/strong><\/p>\n\t\t\t\t\t\t\t\t<\/div>\n\t\t\t\t<\/div>\n\t\t\t\t\t<\/div>\n\t\t<\/div>\n\t\t\t\t\t<\/div>\n\t\t<\/section>\n\t\t\t\t<section class=\"elementor-section elementor-top-section elementor-element elementor-element-34c5795 elementor-section-boxed elementor-section-height-default elementor-section-height-default\" data-id=\"34c5795\" data-element_type=\"section\" data-e-type=\"section\">\n\t\t\t\t\t\t<div class=\"elementor-container elementor-column-gap-default\">\n\t\t\t\t\t<div class=\"elementor-column elementor-col-100 elementor-top-column elementor-element elementor-element-f790141\" data-id=\"f790141\" data-element_type=\"column\" data-e-type=\"column\">\n\t\t\t<div class=\"elementor-widget-wrap elementor-element-populated\">\n\t\t\t\t\t\t<div class=\"elementor-element elementor-element-f61f996 elementor-widget elementor-widget-image\" data-id=\"f61f996\" data-element_type=\"widget\" data-e-type=\"widget\" data-widget_type=\"image.default\">\n\t\t\t\t<div class=\"elementor-widget-container\">\n\t\t\t\t\t\t\t\t\t\t\t\t<figure class=\"wp-caption\">\n\t\t\t\t\t\t\t\t\t\t<img decoding=\"async\" src=\"https:\/\/cimodavinha.pt\/wp-content\/uploads\/2021\/04\/parque-do-gramao.jpg\" title=\"parque do gramao\" alt=\"Parque do Gram\u00e3o- Castelo de Paiva\" loading=\"lazy\" \/>\t\t\t\t\t\t\t\t\t\t\t<figcaption class=\"widget-image-caption wp-caption-text\">Parc Gram\u00e3o \u00a9 photo par Rota do Rom\u00e2nico<\/figcaption>\n\t\t\t\t\t\t\t\t\t\t<\/figure>\n\t\t\t\t\t\t\t\t\t<\/div>\n\t\t\t\t<\/div>\n\t\t\t\t\t<\/div>\n\t\t<\/div>\n\t\t\t\t\t<\/div>\n\t\t<\/section>\n\t\t\t\t<section class=\"elementor-section elementor-top-section elementor-element elementor-element-245f204 elementor-section-boxed elementor-section-height-default elementor-section-height-default\" data-id=\"245f204\" data-element_type=\"section\" data-e-type=\"section\">\n\t\t\t\t\t\t<div class=\"elementor-container elementor-column-gap-default\">\n\t\t\t\t\t<div class=\"elementor-column elementor-col-100 elementor-top-column elementor-element elementor-element-7cae580\" data-id=\"7cae580\" data-element_type=\"column\" data-e-type=\"column\">\n\t\t\t<div class=\"elementor-widget-wrap elementor-element-populated\">\n\t\t\t\t\t\t<div class=\"elementor-element elementor-element-300acf3 elementor-widget elementor-widget-text-editor\" data-id=\"300acf3\" data-element_type=\"widget\" data-e-type=\"widget\" data-widget_type=\"text-editor.default\">\n\t\t\t\t<div class=\"elementor-widget-container\">\n\t\t\t\t\t\t\t\t\t<p>\u00c0 c\u00f4t\u00e9 du pont d&rsquo;Entre-os-Rios, \u00e0 Sardoura, ce quai r\u00e9cemment revitalis\u00e9 offre une vue presque infinie sur les <strong>rivi\u00e9res Douro et T\u00e2mega<\/strong>. Juste \u00e0 c\u00f4t\u00e9, vous pouvez \u00e9galement aller voir l&rsquo;<strong>l&rsquo;Ange en bronze<\/strong>, plaqu\u00e9 or. Une statue de 12 m\u00e8tres de haut qui a \u00e9t\u00e9 cr\u00e9\u00e9e en l&rsquo;honneur des victimes de la chute du pont Hintze Ribeiro. Toujours sur le c\u00f4t\u00e9, d\u00e9couvrez l&#8217;embouchure de la rivi\u00e8re Sardoura, o\u00f9 le conseil municipal, avec le soutien de b\u00e9n\u00e9voles, a cr\u00e9\u00e9 un acc\u00e8s \u00e0 la petite plage du <strong>Parc Gram\u00e3o<\/strong>. Enfin, profitez-en pour passer de l&rsquo;autre c\u00f4t\u00e9 du Douro et visitez la zone historique d&rsquo;Entre-os-Rios, dans la municipalit\u00e9 de Penafiel, et r\u00e9galez-vous des c\u00e9l\u00e8bres restaurants locaux..<\/p>\n\t\t\t\t\t\t\t\t<\/div>\n\t\t\t\t<\/div>\n\t\t\t\t\t<\/div>\n\t\t<\/div>\n\t\t\t\t\t<\/div>\n\t\t<\/section>\n\t\t\t\t<section class=\"elementor-section elementor-top-section elementor-element elementor-element-6fbf903 elementor-section-boxed elementor-section-height-default elementor-section-height-default\" data-id=\"6fbf903\" data-element_type=\"section\" data-e-type=\"section\">\n\t\t\t\t\t\t<div class=\"elementor-container elementor-column-gap-default\">\n\t\t\t\t\t<div class=\"elementor-column elementor-col-100 elementor-top-column elementor-element elementor-element-084ad0d\" data-id=\"084ad0d\" data-element_type=\"column\" data-e-type=\"column\">\n\t\t\t<div class=\"elementor-widget-wrap elementor-element-populated\">\n\t\t\t\t\t\t<div class=\"elementor-element elementor-element-b1b6a1d elementor-widget elementor-widget-heading\" data-id=\"b1b6a1d\" data-element_type=\"widget\" data-e-type=\"widget\" data-widget_type=\"heading.default\">\n\t\t\t\t<div class=\"elementor-widget-container\">\n\t\t\t\t\t<h2 class=\"elementor-heading-title elementor-size-default\">Plage de Choupal et rivi\u00e8re Arda<\/h2>\t\t\t\t<\/div>\n\t\t\t\t<\/div>\n\t\t\t\t\t<\/div>\n\t\t<\/div>\n\t\t\t\t\t<\/div>\n\t\t<\/section>\n\t\t\t\t<section class=\"elementor-section elementor-top-section elementor-element elementor-element-5f7845c elementor-section-boxed elementor-section-height-default elementor-section-height-default\" data-id=\"5f7845c\" data-element_type=\"section\" data-e-type=\"section\">\n\t\t\t\t\t\t<div class=\"elementor-container elementor-column-gap-default\">\n\t\t\t\t\t<div class=\"elementor-column elementor-col-50 elementor-top-column elementor-element elementor-element-ed9d880\" data-id=\"ed9d880\" data-element_type=\"column\" data-e-type=\"column\">\n\t\t\t<div class=\"elementor-widget-wrap elementor-element-populated\">\n\t\t\t\t\t\t<div class=\"elementor-element elementor-element-6df4953 elementor-widget elementor-widget-text-editor\" data-id=\"6df4953\" data-element_type=\"widget\" data-e-type=\"widget\" data-widget_type=\"text-editor.default\">\n\t\t\t\t<div class=\"elementor-widget-container\">\n\t\t\t\t\t\t\t\t\t<p> <strong><img decoding=\"async\" class=\"alignnone size-full wp-image-7565\" src=\"https:\/\/cimodavinha.pt\/wp-content\/uploads\/2021\/04\/leaf-icon.png\" alt=\"\" width=\"12\" height=\"12\"> Distance de <i>Cimo da Vinha<\/i>:<\/strong>17 km<strong><br \/><\/strong><\/p>\n\t\t\t\t\t\t\t\t<\/div>\n\t\t\t\t<\/div>\n\t\t\t\t\t<\/div>\n\t\t<\/div>\n\t\t\t\t<div class=\"elementor-column elementor-col-50 elementor-top-column elementor-element elementor-element-7d7bd45\" data-id=\"7d7bd45\" data-element_type=\"column\" data-e-type=\"column\">\n\t\t\t<div class=\"elementor-widget-wrap elementor-element-populated\">\n\t\t\t\t\t\t<div class=\"elementor-element elementor-element-7547881 elementor-widget elementor-widget-text-editor\" data-id=\"7547881\" data-element_type=\"widget\" data-e-type=\"widget\" data-widget_type=\"text-editor.default\">\n\t\t\t\t<div class=\"elementor-widget-container\">\n\t\t\t\t\t\t\t\t\t<p> <strong><img decoding=\"async\" class=\"alignnone size-full wp-image-7594\" src=\"https:\/\/cimodavinha.pt\/wp-content\/uploads\/2021\/04\/wheniconpng.png\" alt=\"\" width=\"12\" height=\"12\"> Toute l\u2019ann\u00e9e<\/strong>(l&rsquo;\u00e9t\u00e9 est plus invitant aux plong\u00e9es)<strong><br \/><\/strong><\/p>\n\t\t\t\t\t\t\t\t<\/div>\n\t\t\t\t<\/div>\n\t\t\t\t\t<\/div>\n\t\t<\/div>\n\t\t\t\t\t<\/div>\n\t\t<\/section>\n\t\t\t\t<section class=\"elementor-section elementor-top-section elementor-element elementor-element-602f6b8 elementor-section-boxed elementor-section-height-default elementor-section-height-default\" data-id=\"602f6b8\" data-element_type=\"section\" data-e-type=\"section\">\n\t\t\t\t\t\t<div class=\"elementor-container elementor-column-gap-default\">\n\t\t\t\t\t<div class=\"elementor-column elementor-col-100 elementor-top-column elementor-element elementor-element-ecf7b77\" data-id=\"ecf7b77\" data-element_type=\"column\" data-e-type=\"column\">\n\t\t\t<div class=\"elementor-widget-wrap elementor-element-populated\">\n\t\t\t\t\t\t<div class=\"elementor-element elementor-element-51e4565 elementor-widget elementor-widget-image\" data-id=\"51e4565\" data-element_type=\"widget\" data-e-type=\"widget\" data-widget_type=\"image.default\">\n\t\t\t\t<div class=\"elementor-widget-container\">\n\t\t\t\t\t\t\t\t\t\t\t\t<figure class=\"wp-caption\">\n\t\t\t\t\t\t\t\t\t\t<img decoding=\"async\" src=\"https:\/\/cimodavinha.pt\/wp-content\/uploads\/2021\/04\/praia-do-choupal.jpg\" title=\"praia do choupal\" alt=\"Praia do Choupal - Castelo de Paiva\" loading=\"lazy\" \/>\t\t\t\t\t\t\t\t\t\t\t<figcaption class=\"widget-image-caption wp-caption-text\">\u00a9 photo par C\u00e2mara Municipal de Castelo de Paiva<\/figcaption>\n\t\t\t\t\t\t\t\t\t\t<\/figure>\n\t\t\t\t\t\t\t\t\t<\/div>\n\t\t\t\t<\/div>\n\t\t\t\t\t<\/div>\n\t\t<\/div>\n\t\t\t\t\t<\/div>\n\t\t<\/section>\n\t\t\t\t<section class=\"elementor-section elementor-top-section elementor-element elementor-element-1fd0147 elementor-section-boxed elementor-section-height-default elementor-section-height-default\" data-id=\"1fd0147\" data-element_type=\"section\" data-e-type=\"section\">\n\t\t\t\t\t\t<div class=\"elementor-container elementor-column-gap-default\">\n\t\t\t\t\t<div class=\"elementor-column elementor-col-100 elementor-top-column elementor-element elementor-element-254b98c\" data-id=\"254b98c\" data-element_type=\"column\" data-e-type=\"column\">\n\t\t\t<div class=\"elementor-widget-wrap elementor-element-populated\">\n\t\t\t\t\t\t<div class=\"elementor-element elementor-element-4f7f7c8 elementor-widget elementor-widget-text-editor\" data-id=\"4f7f7c8\" data-element_type=\"widget\" data-e-type=\"widget\" data-widget_type=\"text-editor.default\">\n\t\t\t\t<div class=\"elementor-widget-container\">\n\t\t\t\t\t\t\t\t\t<p>\u00c0 l&#8217;embouchure de la rivi\u00e8re Arda, \u00e0 l&rsquo;ombre d&rsquo;imposants peupliers, la vaste plage vous invite \u00e0 prendre le soleil et \u00e0 vous baigner dans le <strong>Douro<\/strong>. Espace de loisirs frais et accueillant, en harmonie avec la nature, elle est \u00e9galement connue pour ses restaurants traditionnels qui servent des <strong>mets d\u00e9licats<\/strong> otout au long de la journ\u00e9e, avec vue sur le <strong>fleuve<\/strong> <strong>Arda <\/strong>et sur l&rsquo;ancien <strong>pont de locomotives de 1893 <\/strong>des mines de charbon de Pej\u00e3o. R\u00e9cemment, avec la construction du sentier <em>Vivre le Douro<\/em>, l&rsquo;endroit a \u00e9t\u00e9 \u00e9quip\u00e9 d&rsquo;un nouveau bar \/ terrasse juste au-dessus du fleuve. Pour une photo \u00e9tonnante du Douro, explorez les environs et prenez une photo du haut de la colline de S. Domingos ou de l&rsquo;\u00e9glise de Raiva<\/p>\n\t\t\t\t\t\t\t\t<\/div>\n\t\t\t\t<\/div>\n\t\t\t\t\t<\/div>\n\t\t<\/div>\n\t\t\t\t\t<\/div>\n\t\t<\/section>\n\t\t\t\t<section class=\"elementor-section elementor-top-section elementor-element elementor-element-46bf596 elementor-section-boxed elementor-section-height-default elementor-section-height-default\" data-id=\"46bf596\" data-element_type=\"section\" data-e-type=\"section\">\n\t\t\t\t\t\t<div class=\"elementor-container elementor-column-gap-default\">\n\t\t\t\t\t<div class=\"elementor-column elementor-col-100 elementor-top-column elementor-element elementor-element-4c50025\" data-id=\"4c50025\" data-element_type=\"column\" data-e-type=\"column\">\n\t\t\t<div class=\"elementor-widget-wrap elementor-element-populated\">\n\t\t\t\t\t\t<div class=\"elementor-element elementor-element-ba338ca elementor-widget elementor-widget-text-editor\" data-id=\"ba338ca\" data-element_type=\"widget\" data-e-type=\"widget\" data-widget_type=\"text-editor.default\">\n\t\t\t\t<div class=\"elementor-widget-container\">\n\t\t\t\t\t\t\t\t\t<p><em> <span style=\"color: #999999;\"> photo de couverture<\/span> <span style=\"color: #999999;\">\u00a9 RotaDoDouro.pt<\/span><\/em><\/p>\n\t\t\t\t\t\t\t\t<\/div>\n\t\t\t\t<\/div>\n\t\t\t\t<div class=\"elementor-element elementor-element-e106d55 elementor-widget elementor-widget-html\" data-id=\"e106d55\" data-element_type=\"widget\" data-e-type=\"widget\" data-widget_type=\"html.default\">\n\t\t\t\t<div class=\"elementor-widget-container\">\n\t\t\t\t\t<script type=\"application\/ld+json\">\r\n{\r\n  \"@context\": \"https:\/\/schema.org\/\",\r\n  \"@type\": \"Article\",\r\n  \"mainEntityOfPage\": {\r\n    \"@type\": \"WebPage\",\r\n    \"@id\": \"https:\/\/cimodavinha.pt\/fr\/le-fleuve-douro-a-castelo-de-paiva\/\"\r\n  },\r\n  \"headline\": \"Le fleuve Douro \u00e0 Castelo de Paiva\",\r\n  \"image\": {\r\n    \"@type\": \"ImageObject\",\r\n    \"url\": \"\",\r\n    \"width\": \"\",\r\n    \"height\": \"\"\r\n  },\r\n  \"author\": {\r\n    \"@type\": \"Organization\",\r\n    \"name\": \"Cimo da Vinha - Nature Spot\"\r\n  },\r\n  \"publisher\": {\r\n    \"@type\": \"Organization\",\r\n    \"name\": \"\",\r\n    \"logo\": {\r\n      \"@type\": \"ImageObject\",\r\n      \"url\": \"\",\r\n      \"width\": \"\",\r\n      \"height\": \"\"\r\n    }\r\n  },\r\n  \"datePublished\": \"\"\r\n}\r\n<\/script>\t\t\t\t<\/div>\n\t\t\t\t<\/div>\n\t\t\t\t\t<\/div>\n\t\t<\/div>\n\t\t\t\t\t<\/div>\n\t\t<\/section>\n\t\t\t\t<section class=\"elementor-section elementor-top-section elementor-element elementor-element-c28f598 elementor-section-boxed elementor-section-height-default elementor-section-height-default\" data-id=\"c28f598\" data-element_type=\"section\" data-e-type=\"section\">\n\t\t\t\t\t\t<div class=\"elementor-container elementor-column-gap-default\">\n\t\t\t\t\t<div class=\"elementor-column elementor-col-100 elementor-top-column elementor-element elementor-element-864b4fc\" data-id=\"864b4fc\" data-element_type=\"column\" data-e-type=\"column\">\n\t\t\t<div class=\"elementor-widget-wrap elementor-element-populated\">\n\t\t\t\t\t\t<div class=\"elementor-element elementor-element-d643283 elementor-widget elementor-widget-text-editor\" data-id=\"d643283\" data-element_type=\"widget\" data-e-type=\"widget\" data-widget_type=\"text-editor.default\">\n\t\t\t\t<div class=\"elementor-widget-container\">\n\t\t\t\t\t\t\t\t\t<p><strong><img decoding=\"async\" class=\"alignnone size-full wp-image-7565\" src=\"https:\/\/cimodavinha.pt\/wp-content\/uploads\/2021\/04\/leaf-icon.png\" alt=\"\" width=\"12\" height=\"12\"> A PROPOS DE L&rsquo;AUTEUR<\/strong><\/p>\n<p><em>Cimo da Vinha<\/em> est un resort de tourisme naturel situ\u00e9 \u00e0 Castelo de Paiva, entre les rivi\u00e8res Paiva et Douro. Son \u00e9quipe est enti\u00e8rement compos\u00e9e de travailleurs locaux poss\u00e9dant une connaissance approfondie de la g\u00e9ographie r\u00e9gionale et de ses traditions. Cette compr\u00e9hension du territoire est au service non seulement de nos h\u00f4tes mais aussi de ce Blog.<\/p>\t\t\t\t\t\t\t\t<\/div>\n\t\t\t\t<\/div>\n\t\t\t\t\t<\/div>\n\t\t<\/div>\n\t\t\t\t\t<\/div>\n\t\t<\/section>\n\t\t\t\t<\/div>\n\t\t","protected":false},"excerpt":{"rendered":"<p>Le Douro, qui prend naissance en Espagne \u00e0 plus de 2000 m\u00e8tres d&rsquo;altitude, est le troisi\u00e8me plus grand fleuve de la p\u00e9ninsule ib\u00e9rique et parcourt 850 km jusqu&rsquo;\u00e0 son embouchure au Portugal, entre les villes de Porto et Vila Nova de Gaia. Il a jou\u00e9 un r\u00f4le tr\u00e8s important dans l&rsquo;\u00e9conomie locale, ayant \u00e9t\u00e9 l&rsquo;un de ses principaux moyens de communication et de transport.<\/p>\n","protected":false},"author":189882525,"featured_media":7910,"comment_status":"closed","ping_status":"open","sticky":false,"template":"","format":"standard","meta":{"_jetpack_memberships_contains_paid_content":false,"footnotes":""},"categories":[1605],"tags":[],"class_list":["post-8613","post","type-post","status-publish","format-standard","has-post-thumbnail","hentry","category-region"],"yoast_head":"<!-- This site is optimized with the Yoast SEO plugin v27.5 - https:\/\/yoast.com\/product\/yoast-seo-wordpress\/ -->\n<title>Le fleuve Douro \u00e0 Castelo de Paiva - Cimo da Vinha<\/title>\n<meta name=\"description\" content=\"Le Douro, qui prend naissance en Espagne \u00e0 plus de 2000 m\u00e8tres d\u2019altitude, est le troisi\u00e8me plus grand fleuve de la p\u00e9ninsule ib\u00e9rique et parcourt 850 km jusqu\u2019\u00e0 son embouchure au Portugal, entre les villes de Porto et Vila Nova de Gaia.\" \/>\n<meta name=\"robots\" content=\"index, follow, max-snippet:-1, max-image-preview:large, max-video-preview:-1\" \/>\n<link rel=\"canonical\" href=\"https:\/\/cimodavinha.pt\/fr\/le-fleuve-douro-a-castelo-de-paiva\/\" \/>\n<meta property=\"og:locale\" content=\"fr_FR\" \/>\n<meta property=\"og:type\" content=\"article\" \/>\n<meta property=\"og:title\" content=\"Le fleuve Douro \u00e0 Castelo de Paiva - Cimo da Vinha\" \/>\n<meta property=\"og:description\" content=\"Le Douro, qui prend naissance en Espagne \u00e0 plus de 2000 m\u00e8tres d\u2019altitude, est le troisi\u00e8me plus grand fleuve de la p\u00e9ninsule ib\u00e9rique et parcourt 850 km jusqu\u2019\u00e0 son embouchure au Portugal, entre les villes de Porto et Vila Nova de Gaia.\" \/>\n<meta property=\"og:url\" content=\"https:\/\/cimodavinha.pt\/fr\/le-fleuve-douro-a-castelo-de-paiva\/\" \/>\n<meta property=\"og:site_name\" content=\"Cimo da Vinha\" \/>\n<meta property=\"article:published_time\" content=\"2020-02-22T16:23:13+00:00\" \/>\n<meta property=\"article:modified_time\" content=\"2025-02-20T14:55:33+00:00\" \/>\n<meta property=\"og:image\" content=\"https:\/\/cimodavinha.pt\/wp-content\/uploads\/2021\/04\/praiacastelo2.jpg\" \/>\n\t<meta property=\"og:image:width\" content=\"1000\" \/>\n\t<meta property=\"og:image:height\" content=\"440\" \/>\n\t<meta property=\"og:image:type\" content=\"image\/jpeg\" \/>\n<meta name=\"author\" content=\"Cimo da Vinha\" \/>\n<meta name=\"twitter:card\" content=\"summary_large_image\" \/>\n<meta name=\"twitter:label1\" content=\"\u00c9crit par\" \/>\n\t<meta name=\"twitter:data1\" content=\"Cimo da Vinha\" \/>\n\t<meta name=\"twitter:label2\" content=\"Dur\u00e9e de lecture estim\u00e9e\" \/>\n\t<meta name=\"twitter:data2\" content=\"7 minutes\" \/>\n<script type=\"application\/ld+json\" class=\"yoast-schema-graph\">{\"@context\":\"https:\\\/\\\/schema.org\",\"@graph\":[{\"@type\":\"Article\",\"@id\":\"https:\\\/\\\/cimodavinha.pt\\\/fr\\\/le-fleuve-douro-a-castelo-de-paiva\\\/#article\",\"isPartOf\":{\"@id\":\"https:\\\/\\\/cimodavinha.pt\\\/en\\\/the-douro-river-in-castelo-de-paiva\\\/\"},\"author\":{\"name\":\"Cimo da Vinha\",\"@id\":\"https:\\\/\\\/cimodavinha.pt\\\/en\\\/#\\\/schema\\\/person\\\/02d3b102d9258c774473556a94b21aac\"},\"headline\":\"Le fleuve Douro \u00e0 Castelo de Paiva\",\"datePublished\":\"2020-02-22T16:23:13+00:00\",\"dateModified\":\"2025-02-20T14:55:33+00:00\",\"mainEntityOfPage\":{\"@id\":\"https:\\\/\\\/cimodavinha.pt\\\/en\\\/the-douro-river-in-castelo-de-paiva\\\/\"},\"wordCount\":907,\"image\":{\"@id\":\"https:\\\/\\\/cimodavinha.pt\\\/fr\\\/le-fleuve-douro-a-castelo-de-paiva\\\/#primaryimage\"},\"thumbnailUrl\":\"https:\\\/\\\/cimodavinha.pt\\\/wp-content\\\/uploads\\\/2021\\\/04\\\/praiacastelo2.jpg\",\"articleSection\":[\"R\u00e9gion\"],\"inLanguage\":\"fr-FR\"},{\"@type\":\"WebPage\",\"@id\":\"https:\\\/\\\/cimodavinha.pt\\\/en\\\/the-douro-river-in-castelo-de-paiva\\\/\",\"url\":\"https:\\\/\\\/cimodavinha.pt\\\/fr\\\/le-fleuve-douro-a-castelo-de-paiva\\\/\",\"name\":\"Le fleuve Douro \u00e0 Castelo de Paiva - Cimo da Vinha\",\"isPartOf\":{\"@id\":\"https:\\\/\\\/cimodavinha.pt\\\/en\\\/#website\"},\"primaryImageOfPage\":{\"@id\":\"https:\\\/\\\/cimodavinha.pt\\\/fr\\\/le-fleuve-douro-a-castelo-de-paiva\\\/#primaryimage\"},\"image\":{\"@id\":\"https:\\\/\\\/cimodavinha.pt\\\/fr\\\/le-fleuve-douro-a-castelo-de-paiva\\\/#primaryimage\"},\"thumbnailUrl\":\"https:\\\/\\\/cimodavinha.pt\\\/wp-content\\\/uploads\\\/2021\\\/04\\\/praiacastelo2.jpg\",\"datePublished\":\"2020-02-22T16:23:13+00:00\",\"dateModified\":\"2025-02-20T14:55:33+00:00\",\"author\":{\"@id\":\"https:\\\/\\\/cimodavinha.pt\\\/en\\\/#\\\/schema\\\/person\\\/02d3b102d9258c774473556a94b21aac\"},\"description\":\"Le Douro, qui prend naissance en Espagne \u00e0 plus de 2000 m\u00e8tres d\u2019altitude, est le troisi\u00e8me plus grand fleuve de la p\u00e9ninsule ib\u00e9rique et parcourt 850 km jusqu\u2019\u00e0 son embouchure au Portugal, entre les villes de Porto et Vila Nova de Gaia.\",\"breadcrumb\":{\"@id\":\"https:\\\/\\\/cimodavinha.pt\\\/fr\\\/le-fleuve-douro-a-castelo-de-paiva\\\/#breadcrumb\"},\"inLanguage\":\"fr-FR\",\"potentialAction\":[{\"@type\":\"ReadAction\",\"target\":[\"https:\\\/\\\/cimodavinha.pt\\\/fr\\\/le-fleuve-douro-a-castelo-de-paiva\\\/\"]}]},{\"@type\":\"ImageObject\",\"inLanguage\":\"fr-FR\",\"@id\":\"https:\\\/\\\/cimodavinha.pt\\\/fr\\\/le-fleuve-douro-a-castelo-de-paiva\\\/#primaryimage\",\"url\":\"https:\\\/\\\/cimodavinha.pt\\\/wp-content\\\/uploads\\\/2021\\\/04\\\/praiacastelo2.jpg\",\"contentUrl\":\"https:\\\/\\\/cimodavinha.pt\\\/wp-content\\\/uploads\\\/2021\\\/04\\\/praiacastelo2.jpg\",\"width\":1000,\"height\":440,\"caption\":\"Ilha dos Amores - Castelo de Paiva\"},{\"@type\":\"BreadcrumbList\",\"@id\":\"https:\\\/\\\/cimodavinha.pt\\\/fr\\\/le-fleuve-douro-a-castelo-de-paiva\\\/#breadcrumb\",\"itemListElement\":[{\"@type\":\"ListItem\",\"position\":1,\"name\":\"In\u00edcio\",\"item\":\"https:\\\/\\\/cimodavinha.pt\\\/en\\\/\"},{\"@type\":\"ListItem\",\"position\":2,\"name\":\"Le fleuve Douro \u00e0 Castelo de Paiva\"}]},{\"@type\":\"WebSite\",\"@id\":\"https:\\\/\\\/cimodavinha.pt\\\/en\\\/#website\",\"url\":\"https:\\\/\\\/cimodavinha.pt\\\/en\\\/\",\"name\":\"Cimo da Vinha\",\"description\":\"\u00c0 deux pas du Douro et du Paiva\",\"potentialAction\":[{\"@type\":\"SearchAction\",\"target\":{\"@type\":\"EntryPoint\",\"urlTemplate\":\"https:\\\/\\\/cimodavinha.pt\\\/en\\\/?s={search_term_string}\"},\"query-input\":{\"@type\":\"PropertyValueSpecification\",\"valueRequired\":true,\"valueName\":\"search_term_string\"}}],\"inLanguage\":\"fr-FR\"},{\"@type\":\"Person\",\"@id\":\"https:\\\/\\\/cimodavinha.pt\\\/en\\\/#\\\/schema\\\/person\\\/02d3b102d9258c774473556a94b21aac\",\"name\":\"Cimo da Vinha\",\"sameAs\":[\"http:\\\/\\\/cimodavinha.com\"],\"url\":\"https:\\\/\\\/cimodavinha.pt\\\/fr\\\/author\\\/cimavinha\\\/\"}]}<\/script>\n<!-- \/ Yoast SEO plugin. -->","yoast_head_json":{"title":"Le fleuve Douro \u00e0 Castelo de Paiva - Cimo da Vinha","description":"Le Douro, qui prend naissance en Espagne \u00e0 plus de 2000 m\u00e8tres d\u2019altitude, est le troisi\u00e8me plus grand fleuve de la p\u00e9ninsule ib\u00e9rique et parcourt 850 km jusqu\u2019\u00e0 son embouchure au Portugal, entre les villes de Porto et Vila Nova de Gaia.","robots":{"index":"index","follow":"follow","max-snippet":"max-snippet:-1","max-image-preview":"max-image-preview:large","max-video-preview":"max-video-preview:-1"},"canonical":"https:\/\/cimodavinha.pt\/fr\/le-fleuve-douro-a-castelo-de-paiva\/","og_locale":"fr_FR","og_type":"article","og_title":"Le fleuve Douro \u00e0 Castelo de Paiva - Cimo da Vinha","og_description":"Le Douro, qui prend naissance en Espagne \u00e0 plus de 2000 m\u00e8tres d\u2019altitude, est le troisi\u00e8me plus grand fleuve de la p\u00e9ninsule ib\u00e9rique et parcourt 850 km jusqu\u2019\u00e0 son embouchure au Portugal, entre les villes de Porto et Vila Nova de Gaia.","og_url":"https:\/\/cimodavinha.pt\/fr\/le-fleuve-douro-a-castelo-de-paiva\/","og_site_name":"Cimo da Vinha","article_published_time":"2020-02-22T16:23:13+00:00","article_modified_time":"2025-02-20T14:55:33+00:00","og_image":[{"width":1000,"height":440,"url":"https:\/\/cimodavinha.pt\/wp-content\/uploads\/2021\/04\/praiacastelo2.jpg","type":"image\/jpeg"}],"author":"Cimo da Vinha","twitter_card":"summary_large_image","twitter_misc":{"\u00c9crit par":"Cimo da Vinha","Dur\u00e9e de lecture estim\u00e9e":"7 minutes"},"schema":{"@context":"https:\/\/schema.org","@graph":[{"@type":"Article","@id":"https:\/\/cimodavinha.pt\/fr\/le-fleuve-douro-a-castelo-de-paiva\/#article","isPartOf":{"@id":"https:\/\/cimodavinha.pt\/en\/the-douro-river-in-castelo-de-paiva\/"},"author":{"name":"Cimo da Vinha","@id":"https:\/\/cimodavinha.pt\/en\/#\/schema\/person\/02d3b102d9258c774473556a94b21aac"},"headline":"Le fleuve Douro \u00e0 Castelo de Paiva","datePublished":"2020-02-22T16:23:13+00:00","dateModified":"2025-02-20T14:55:33+00:00","mainEntityOfPage":{"@id":"https:\/\/cimodavinha.pt\/en\/the-douro-river-in-castelo-de-paiva\/"},"wordCount":907,"image":{"@id":"https:\/\/cimodavinha.pt\/fr\/le-fleuve-douro-a-castelo-de-paiva\/#primaryimage"},"thumbnailUrl":"https:\/\/cimodavinha.pt\/wp-content\/uploads\/2021\/04\/praiacastelo2.jpg","articleSection":["R\u00e9gion"],"inLanguage":"fr-FR"},{"@type":"WebPage","@id":"https:\/\/cimodavinha.pt\/en\/the-douro-river-in-castelo-de-paiva\/","url":"https:\/\/cimodavinha.pt\/fr\/le-fleuve-douro-a-castelo-de-paiva\/","name":"Le fleuve Douro \u00e0 Castelo de Paiva - Cimo da Vinha","isPartOf":{"@id":"https:\/\/cimodavinha.pt\/en\/#website"},"primaryImageOfPage":{"@id":"https:\/\/cimodavinha.pt\/fr\/le-fleuve-douro-a-castelo-de-paiva\/#primaryimage"},"image":{"@id":"https:\/\/cimodavinha.pt\/fr\/le-fleuve-douro-a-castelo-de-paiva\/#primaryimage"},"thumbnailUrl":"https:\/\/cimodavinha.pt\/wp-content\/uploads\/2021\/04\/praiacastelo2.jpg","datePublished":"2020-02-22T16:23:13+00:00","dateModified":"2025-02-20T14:55:33+00:00","author":{"@id":"https:\/\/cimodavinha.pt\/en\/#\/schema\/person\/02d3b102d9258c774473556a94b21aac"},"description":"Le Douro, qui prend naissance en Espagne \u00e0 plus de 2000 m\u00e8tres d\u2019altitude, est le troisi\u00e8me plus grand fleuve de la p\u00e9ninsule ib\u00e9rique et parcourt 850 km jusqu\u2019\u00e0 son embouchure au Portugal, entre les villes de Porto et Vila Nova de Gaia.","breadcrumb":{"@id":"https:\/\/cimodavinha.pt\/fr\/le-fleuve-douro-a-castelo-de-paiva\/#breadcrumb"},"inLanguage":"fr-FR","potentialAction":[{"@type":"ReadAction","target":["https:\/\/cimodavinha.pt\/fr\/le-fleuve-douro-a-castelo-de-paiva\/"]}]},{"@type":"ImageObject","inLanguage":"fr-FR","@id":"https:\/\/cimodavinha.pt\/fr\/le-fleuve-douro-a-castelo-de-paiva\/#primaryimage","url":"https:\/\/cimodavinha.pt\/wp-content\/uploads\/2021\/04\/praiacastelo2.jpg","contentUrl":"https:\/\/cimodavinha.pt\/wp-content\/uploads\/2021\/04\/praiacastelo2.jpg","width":1000,"height":440,"caption":"Ilha dos Amores - Castelo de Paiva"},{"@type":"BreadcrumbList","@id":"https:\/\/cimodavinha.pt\/fr\/le-fleuve-douro-a-castelo-de-paiva\/#breadcrumb","itemListElement":[{"@type":"ListItem","position":1,"name":"In\u00edcio","item":"https:\/\/cimodavinha.pt\/en\/"},{"@type":"ListItem","position":2,"name":"Le fleuve Douro \u00e0 Castelo de Paiva"}]},{"@type":"WebSite","@id":"https:\/\/cimodavinha.pt\/en\/#website","url":"https:\/\/cimodavinha.pt\/en\/","name":"Cimo da Vinha","description":"\u00c0 deux pas du Douro et du Paiva","potentialAction":[{"@type":"SearchAction","target":{"@type":"EntryPoint","urlTemplate":"https:\/\/cimodavinha.pt\/en\/?s={search_term_string}"},"query-input":{"@type":"PropertyValueSpecification","valueRequired":true,"valueName":"search_term_string"}}],"inLanguage":"fr-FR"},{"@type":"Person","@id":"https:\/\/cimodavinha.pt\/en\/#\/schema\/person\/02d3b102d9258c774473556a94b21aac","name":"Cimo da Vinha","sameAs":["http:\/\/cimodavinha.com"],"url":"https:\/\/cimodavinha.pt\/fr\/author\/cimavinha\/"}]}},"jetpack_featured_media_url":"https:\/\/cimodavinha.pt\/wp-content\/uploads\/2021\/04\/praiacastelo2.jpg","jetpack_likes_enabled":false,"jetpack_sharing_enabled":true,"jetpack_shortlink":"https:\/\/wp.me\/pccy88-2eV","_links":{"self":[{"href":"https:\/\/cimodavinha.pt\/fr\/wp-json\/wp\/v2\/posts\/8613","targetHints":{"allow":["GET"]}}],"collection":[{"href":"https:\/\/cimodavinha.pt\/fr\/wp-json\/wp\/v2\/posts"}],"about":[{"href":"https:\/\/cimodavinha.pt\/fr\/wp-json\/wp\/v2\/types\/post"}],"author":[{"embeddable":true,"href":"https:\/\/cimodavinha.pt\/fr\/wp-json\/wp\/v2\/users\/189882525"}],"replies":[{"embeddable":true,"href":"https:\/\/cimodavinha.pt\/fr\/wp-json\/wp\/v2\/comments?post=8613"}],"version-history":[{"count":23,"href":"https:\/\/cimodavinha.pt\/fr\/wp-json\/wp\/v2\/posts\/8613\/revisions"}],"predecessor-version":[{"id":65415,"href":"https:\/\/cimodavinha.pt\/fr\/wp-json\/wp\/v2\/posts\/8613\/revisions\/65415"}],"wp:featuredmedia":[{"embeddable":true,"href":"https:\/\/cimodavinha.pt\/fr\/wp-json\/wp\/v2\/media\/7910"}],"wp:attachment":[{"href":"https:\/\/cimodavinha.pt\/fr\/wp-json\/wp\/v2\/media?parent=8613"}],"wp:term":[{"taxonomy":"category","embeddable":true,"href":"https:\/\/cimodavinha.pt\/fr\/wp-json\/wp\/v2\/categories?post=8613"},{"taxonomy":"post_tag","embeddable":true,"href":"https:\/\/cimodavinha.pt\/fr\/wp-json\/wp\/v2\/tags?post=8613"}],"curies":[{"name":"wp","href":"https:\/\/api.w.org\/{rel}","templated":true}]}}