{"id":8598,"date":"2021-03-23T15:24:57","date_gmt":"2021-03-23T15:24:57","guid":{"rendered":"https:\/\/cimodavinha.pt\/que-faire-et-que-visiter-a-arouca\/"},"modified":"2025-02-20T15:03:22","modified_gmt":"2025-02-20T15:03:22","slug":"que-faire-et-que-visiter-a-arouca","status":"publish","type":"post","link":"https:\/\/cimodavinha.pt\/fr\/que-faire-et-que-visiter-a-arouca\/","title":{"rendered":"Que faire et que visiter \u00e0 Arouca"},"content":{"rendered":"\t\t<div data-elementor-type=\"wp-post\" data-elementor-id=\"8598\" class=\"elementor elementor-8598 elementor-7820\">\n\t\t\t\t\t\t<section class=\"elementor-section elementor-top-section elementor-element elementor-element-9e8ce98 elementor-section-boxed elementor-section-height-default elementor-section-height-default\" data-id=\"9e8ce98\" data-element_type=\"section\" data-e-type=\"section\">\n\t\t\t\t\t\t<div class=\"elementor-container elementor-column-gap-default\">\n\t\t\t\t\t<div class=\"elementor-column elementor-col-100 elementor-top-column elementor-element elementor-element-28d0ac8\" data-id=\"28d0ac8\" data-element_type=\"column\" data-e-type=\"column\">\n\t\t\t<div class=\"elementor-widget-wrap elementor-element-populated\">\n\t\t\t\t\t\t<div class=\"elementor-element elementor-element-4508b61 elementor-widget elementor-widget-text-editor\" data-id=\"4508b61\" data-element_type=\"widget\" data-e-type=\"widget\" data-widget_type=\"text-editor.default\">\n\t\t\t\t<div class=\"elementor-widget-container\">\n\t\t\t\t\t\t\t\t\t<p><i class=\"fa fa-clock-o\" style=\"color: #b19261; font-size: 20px; line-height: 20px; vertical-align: middle;\"><\/i> <span style=\"color: #b19261;\">derni\u00e8re mise \u00e0 jour: 09\/02\/2025<\/span><\/p>\t\t\t\t\t\t\t\t<\/div>\n\t\t\t\t<\/div>\n\t\t\t\t\t<\/div>\n\t\t<\/div>\n\t\t\t\t\t<\/div>\n\t\t<\/section>\n\t\t\t\t<section class=\"elementor-section elementor-top-section elementor-element elementor-element-bc029a6 elementor-section-boxed elementor-section-height-default elementor-section-height-default\" data-id=\"bc029a6\" data-element_type=\"section\" data-e-type=\"section\">\n\t\t\t\t\t\t<div class=\"elementor-container elementor-column-gap-default\">\n\t\t\t\t\t<div class=\"elementor-column elementor-col-100 elementor-top-column elementor-element elementor-element-93268ec\" data-id=\"93268ec\" data-element_type=\"column\" data-e-type=\"column\">\n\t\t\t<div class=\"elementor-widget-wrap elementor-element-populated\">\n\t\t\t\t\t\t<div class=\"elementor-element elementor-element-c5367cc elementor-widget elementor-widget-text-editor\" data-id=\"c5367cc\" data-element_type=\"widget\" data-e-type=\"widget\" data-widget_type=\"text-editor.default\">\n\t\t\t\t<div class=\"elementor-widget-container\">\n\t\t\t\t\t\t\t\t\t<p>Son territoire commen\u00e7ant \u00e0 quelques kilom\u00e8tres de <em>Cimo da Vinha<\/em>, , la municipalit\u00e9 d&rsquo;Arouca a plus d&rsquo;arguments qu&rsquo;il n&rsquo;en faut pour justifier votre visite : de la montagne Freita, de ses collines idylliques, \u00e0 l&rsquo;immensit\u00e9 de la rivi\u00e8re (avec des ph\u00e9nom\u00e8nes g\u00e9ologiques d&rsquo;int\u00e9r\u00eat international, comme les <em>pierres de reproduction<\/em>) en passant par les villages de montagne, les sports d&rsquo;aventure, le patrimoine historique et une gastronomie irr\u00e9sistible. Actuellement, la visite des sentiers de Paiva est un must, mais Arouca a encore plus \u00e0 offrir.<\/p>\n<p>Ce qu&rsquo;il faut faire et visiter \u00e0 Arouca:<br \/>(class\u00e9s par ordre de proximit\u00e9 avec <em>Cimo da Vinha<\/em>)<\/p>\n\t\t\t\t\t\t\t\t<\/div>\n\t\t\t\t<\/div>\n\t\t\t\t\t<\/div>\n\t\t<\/div>\n\t\t\t\t\t<\/div>\n\t\t<\/section>\n\t\t\t\t<section class=\"elementor-section elementor-top-section elementor-element elementor-element-287c9a8 elementor-section-boxed elementor-section-height-default elementor-section-height-default\" data-id=\"287c9a8\" data-element_type=\"section\" data-e-type=\"section\">\n\t\t\t\t\t\t<div class=\"elementor-container elementor-column-gap-default\">\n\t\t\t\t\t<div class=\"elementor-column elementor-col-100 elementor-top-column elementor-element elementor-element-77c7baf\" data-id=\"77c7baf\" data-element_type=\"column\" data-e-type=\"column\">\n\t\t\t<div class=\"elementor-widget-wrap elementor-element-populated\">\n\t\t\t\t\t\t<div class=\"elementor-element elementor-element-8198861 elementor-widget elementor-widget-heading\" data-id=\"8198861\" data-element_type=\"widget\" data-e-type=\"widget\" data-widget_type=\"heading.default\">\n\t\t\t\t<div class=\"elementor-widget-container\">\n\t\t\t\t\t<h2 class=\"elementor-heading-title elementor-size-default\">O\u00f9 loger lors de votre visite?<\/h2>\t\t\t\t<\/div>\n\t\t\t\t<\/div>\n\t\t\t\t\t<\/div>\n\t\t<\/div>\n\t\t\t\t\t<\/div>\n\t\t<\/section>\n\t\t\t\t<section class=\"elementor-section elementor-top-section elementor-element elementor-element-915c02a elementor-section-boxed elementor-section-height-default elementor-section-height-default\" data-id=\"915c02a\" data-element_type=\"section\" data-e-type=\"section\">\n\t\t\t\t\t\t<div class=\"elementor-container elementor-column-gap-default\">\n\t\t\t\t\t<div class=\"elementor-column elementor-col-100 elementor-top-column elementor-element elementor-element-0250478\" data-id=\"0250478\" data-element_type=\"column\" data-e-type=\"column\">\n\t\t\t<div class=\"elementor-widget-wrap elementor-element-populated\">\n\t\t\t\t\t\t<div class=\"elementor-element elementor-element-e065ee4 elementor-widget elementor-widget-text-editor\" data-id=\"e065ee4\" data-element_type=\"widget\" data-e-type=\"widget\" data-widget_type=\"text-editor.default\">\n\t\t\t\t<div class=\"elementor-widget-container\">\n\t\t\t\t\t\t\t\t\t<p>Ce voyage pourrait \u00eatre une occasion unique de passer la nuit avec nous, \u00e0 <strong>Cimo da Vinha &#8211; Nature Spot<\/strong>, dans l&rsquo;une de <a href=\"https:\/\/cimodavinha.pt\/fr\/chambres\/\">nos Suites, Canastro ou Tentes Glamping<\/a>.<\/p><p>Le prestigieux portail allemand de tourisme de nature <strong>Camperguru<\/strong> a choisi Cimo da Vinha comme l&rsquo;un des <a href=\"https:\/\/camperguru.com\/top-european-glamping\/\" target=\"_blank\" rel=\"noopener\">meilleurs glampings europ\u00e9ens \u00e0 visiter en 2025<\/a>.<\/p>\t\t\t\t\t\t\t\t<\/div>\n\t\t\t\t<\/div>\n\t\t\t\t\t<\/div>\n\t\t<\/div>\n\t\t\t\t\t<\/div>\n\t\t<\/section>\n\t\t\t\t<section class=\"elementor-section elementor-top-section elementor-element elementor-element-9581586 elementor-section-boxed elementor-section-height-default elementor-section-height-default\" data-id=\"9581586\" data-element_type=\"section\" data-e-type=\"section\">\n\t\t\t\t\t\t<div class=\"elementor-container elementor-column-gap-default\">\n\t\t\t\t\t<div class=\"elementor-column elementor-col-100 elementor-top-column elementor-element elementor-element-e53670f\" data-id=\"e53670f\" data-element_type=\"column\" data-e-type=\"column\">\n\t\t\t<div class=\"elementor-widget-wrap elementor-element-populated\">\n\t\t\t\t\t\t<div class=\"elementor-element elementor-element-12b46ea elementor-widget elementor-widget-spacer\" data-id=\"12b46ea\" data-element_type=\"widget\" data-e-type=\"widget\" data-widget_type=\"spacer.default\">\n\t\t\t\t<div class=\"elementor-widget-container\">\n\t\t\t\t\t\t\t<div class=\"elementor-spacer\">\n\t\t\t<div class=\"elementor-spacer-inner\"><\/div>\n\t\t<\/div>\n\t\t\t\t\t\t<\/div>\n\t\t\t\t<\/div>\n\t\t\t\t\t<\/div>\n\t\t<\/div>\n\t\t\t\t\t<\/div>\n\t\t<\/section>\n\t\t\t\t<section class=\"elementor-section elementor-top-section elementor-element elementor-element-a9dd89f elementor-section-boxed elementor-section-height-default elementor-section-height-default\" data-id=\"a9dd89f\" data-element_type=\"section\" data-e-type=\"section\">\n\t\t\t\t\t\t<div class=\"elementor-container elementor-column-gap-default\">\n\t\t\t\t\t<div class=\"elementor-column elementor-col-100 elementor-top-column elementor-element elementor-element-97b35ea\" data-id=\"97b35ea\" data-element_type=\"column\" data-e-type=\"column\">\n\t\t\t<div class=\"elementor-widget-wrap elementor-element-populated\">\n\t\t\t\t\t\t<div class=\"elementor-element elementor-element-e28a999 elementor-widget elementor-widget-heading\" data-id=\"e28a999\" data-element_type=\"widget\" data-e-type=\"widget\" data-widget_type=\"heading.default\">\n\t\t\t\t<div class=\"elementor-widget-container\">\n\t\t\t\t\t<h2 class=\"elementor-heading-title elementor-size-default\">Passerelles du Paiva<\/h2>\t\t\t\t<\/div>\n\t\t\t\t<\/div>\n\t\t\t\t\t<\/div>\n\t\t<\/div>\n\t\t\t\t\t<\/div>\n\t\t<\/section>\n\t\t\t\t<section class=\"elementor-section elementor-top-section elementor-element elementor-element-5dc6f7d elementor-section-boxed elementor-section-height-default elementor-section-height-default\" data-id=\"5dc6f7d\" data-element_type=\"section\" data-e-type=\"section\">\n\t\t\t\t\t\t<div class=\"elementor-container elementor-column-gap-default\">\n\t\t\t\t\t<div class=\"elementor-column elementor-col-50 elementor-top-column elementor-element elementor-element-4df0dd7\" data-id=\"4df0dd7\" data-element_type=\"column\" data-e-type=\"column\">\n\t\t\t<div class=\"elementor-widget-wrap elementor-element-populated\">\n\t\t\t\t\t\t<div class=\"elementor-element elementor-element-dd85012 elementor-widget elementor-widget-text-editor\" data-id=\"dd85012\" data-element_type=\"widget\" data-e-type=\"widget\" data-widget_type=\"text-editor.default\">\n\t\t\t\t<div class=\"elementor-widget-container\">\n\t\t\t\t\t\t\t\t\t<p><strong><img decoding=\"async\" class=\"alignnone size-full wp-image-7565\" src=\"https:\/\/cimodavinha.pt\/wp-content\/uploads\/2021\/04\/leaf-icon.png\" alt=\"\" width=\"12\" height=\"12\" \/> Distance de <i>Cimo da Vinha<\/i>: <\/strong>7 km (entr\u00e9e par Espiunca)<\/p>\t\t\t\t\t\t\t\t<\/div>\n\t\t\t\t<\/div>\n\t\t\t\t\t<\/div>\n\t\t<\/div>\n\t\t\t\t<div class=\"elementor-column elementor-col-50 elementor-top-column elementor-element elementor-element-d6899ec\" data-id=\"d6899ec\" data-element_type=\"column\" data-e-type=\"column\">\n\t\t\t<div class=\"elementor-widget-wrap elementor-element-populated\">\n\t\t\t\t\t\t<div class=\"elementor-element elementor-element-14a1da6 elementor-widget elementor-widget-text-editor\" data-id=\"14a1da6\" data-element_type=\"widget\" data-e-type=\"widget\" data-widget_type=\"text-editor.default\">\n\t\t\t\t<div class=\"elementor-widget-container\">\n\t\t\t\t\t\t\t\t\t<p><strong><img decoding=\"async\" class=\"alignnone size-full wp-image-7594\" src=\"https:\/\/cimodavinha.pt\/wp-content\/uploads\/2021\/04\/wheniconpng.png\" alt=\"\" width=\"12\" height=\"12\" \/> Ouvert toute l\u2019ann\u00e9e <\/strong>(Le printemps et l&rsquo;automne sont des saisons plus douces et moins fr\u00e9quent\u00e9es que l&rsquo;\u00e9t\u00e9)<\/p>\t\t\t\t\t\t\t\t<\/div>\n\t\t\t\t<\/div>\n\t\t\t\t\t<\/div>\n\t\t<\/div>\n\t\t\t\t\t<\/div>\n\t\t<\/section>\n\t\t\t\t<section class=\"elementor-section elementor-top-section elementor-element elementor-element-52f2492 elementor-section-boxed elementor-section-height-default elementor-section-height-default\" data-id=\"52f2492\" data-element_type=\"section\" data-e-type=\"section\">\n\t\t\t\t\t\t<div class=\"elementor-container elementor-column-gap-default\">\n\t\t\t\t\t<div class=\"elementor-column elementor-col-100 elementor-top-column elementor-element elementor-element-24b6df7\" data-id=\"24b6df7\" data-element_type=\"column\" data-e-type=\"column\">\n\t\t\t<div class=\"elementor-widget-wrap elementor-element-populated\">\n\t\t\t\t\t\t<div class=\"elementor-element elementor-element-814753b elementor-widget elementor-widget-image\" data-id=\"814753b\" data-element_type=\"widget\" data-e-type=\"widget\" data-widget_type=\"image.default\">\n\t\t\t\t<div class=\"elementor-widget-container\">\n\t\t\t\t\t\t\t\t\t\t\t\t<figure class=\"wp-caption\">\n\t\t\t\t\t\t\t\t\t\t<img decoding=\"async\" src=\"https:\/\/cimodavinha.pt\/wp-content\/uploads\/2015\/05\/passadicosdopaiva3.jpg\" title=\"passadicosdopaiva3\" alt=\"Passerelles du Paiva\" loading=\"lazy\" \/>\t\t\t\t\t\t\t\t\t\t\t<figcaption class=\"widget-image-caption wp-caption-text\">\u00a9 photo par jornal P\u00fablico<\/figcaption>\n\t\t\t\t\t\t\t\t\t\t<\/figure>\n\t\t\t\t\t\t\t\t\t<\/div>\n\t\t\t\t<\/div>\n\t\t\t\t\t<\/div>\n\t\t<\/div>\n\t\t\t\t\t<\/div>\n\t\t<\/section>\n\t\t\t\t<section class=\"elementor-section elementor-top-section elementor-element elementor-element-b227a8a elementor-section-boxed elementor-section-height-default elementor-section-height-default\" data-id=\"b227a8a\" data-element_type=\"section\" data-e-type=\"section\">\n\t\t\t\t\t\t<div class=\"elementor-container elementor-column-gap-default\">\n\t\t\t\t\t<div class=\"elementor-column elementor-col-100 elementor-top-column elementor-element elementor-element-ccdc364\" data-id=\"ccdc364\" data-element_type=\"column\" data-e-type=\"column\">\n\t\t\t<div class=\"elementor-widget-wrap elementor-element-populated\">\n\t\t\t\t\t\t<div class=\"elementor-element elementor-element-70a94b5 elementor-widget elementor-widget-text-editor\" data-id=\"70a94b5\" data-element_type=\"widget\" data-e-type=\"widget\" data-widget_type=\"text-editor.default\">\n\t\t\t\t<div class=\"elementor-widget-container\">\n\t\t\t\t\t\t\t\t\t<p>Le <em>Cimo da Vinha<\/em>, situ\u00e9 dans la commune de Castelo de Paiva, situ\u00e9 pr\u00e8s de la fronti\u00e8re avec Arouca, se trouve \u00e0 un peu plus de 10 minutes d&rsquo;Espiunca, l&rsquo;une des entr\u00e9es des passerelles de Paiva. Depuis son inauguration en 2015, les passerelles ont rapidement conquis les Portugais et sont \u00e9galement devenues une attraction internationale gr\u00e2ce au charme sauvage de ses 8 km de d\u00e9couverte constante, avec ses planches suspendues serpentant sur la rive gauche et suivant les escarpements de la rivi\u00e8re Paiva.<\/p><p>Cliquez <a href=\"https:\/\/cimodavinha.pt\/fr\/passerelles-du-paiva\/\">ici<\/a> pour lire notre article d\u00e9taill\u00e9 sur les passerelles.<\/p>\t\t\t\t\t\t\t\t<\/div>\n\t\t\t\t<\/div>\n\t\t\t\t\t<\/div>\n\t\t<\/div>\n\t\t\t\t\t<\/div>\n\t\t<\/section>\n\t\t\t\t<section class=\"elementor-section elementor-top-section elementor-element elementor-element-1f385a5 elementor-section-boxed elementor-section-height-default elementor-section-height-default\" data-id=\"1f385a5\" data-element_type=\"section\" data-e-type=\"section\">\n\t\t\t\t\t\t<div class=\"elementor-container elementor-column-gap-default\">\n\t\t\t\t\t<div class=\"elementor-column elementor-col-100 elementor-top-column elementor-element elementor-element-abfff99\" data-id=\"abfff99\" data-element_type=\"column\" data-e-type=\"column\">\n\t\t\t<div class=\"elementor-widget-wrap elementor-element-populated\">\n\t\t\t\t\t\t<div class=\"elementor-element elementor-element-3c81db7 elementor-widget elementor-widget-heading\" data-id=\"3c81db7\" data-element_type=\"widget\" data-e-type=\"widget\" data-widget_type=\"heading.default\">\n\t\t\t\t<div class=\"elementor-widget-container\">\n\t\t\t\t\t<h2 class=\"elementor-heading-title elementor-size-default\">La Foire des R\u00e9coltes<\/h2>\t\t\t\t<\/div>\n\t\t\t\t<\/div>\n\t\t\t\t\t<\/div>\n\t\t<\/div>\n\t\t\t\t\t<\/div>\n\t\t<\/section>\n\t\t\t\t<section class=\"elementor-section elementor-top-section elementor-element elementor-element-8c47a44 elementor-section-boxed elementor-section-height-default elementor-section-height-default\" data-id=\"8c47a44\" data-element_type=\"section\" data-e-type=\"section\">\n\t\t\t\t\t\t<div class=\"elementor-container elementor-column-gap-default\">\n\t\t\t\t\t<div class=\"elementor-column elementor-col-50 elementor-top-column elementor-element elementor-element-5fa7f93\" data-id=\"5fa7f93\" data-element_type=\"column\" data-e-type=\"column\">\n\t\t\t<div class=\"elementor-widget-wrap elementor-element-populated\">\n\t\t\t\t\t\t<div class=\"elementor-element elementor-element-b372254 elementor-widget elementor-widget-text-editor\" data-id=\"b372254\" data-element_type=\"widget\" data-e-type=\"widget\" data-widget_type=\"text-editor.default\">\n\t\t\t\t<div class=\"elementor-widget-container\">\n\t\t\t\t\t\t\t\t\t<p><strong><img decoding=\"async\" class=\"alignnone size-full wp-image-7565\" src=\"https:\/\/cimodavinha.pt\/wp-content\/uploads\/2021\/04\/leaf-icon.png\" alt=\"\" width=\"12\" height=\"12\" \/> Distancia de <i>Cimo da Vinha<\/i>: <\/strong>9 km<\/p>\t\t\t\t\t\t\t\t<\/div>\n\t\t\t\t<\/div>\n\t\t\t\t\t<\/div>\n\t\t<\/div>\n\t\t\t\t<div class=\"elementor-column elementor-col-50 elementor-top-column elementor-element elementor-element-f82b5c7\" data-id=\"f82b5c7\" data-element_type=\"column\" data-e-type=\"column\">\n\t\t\t<div class=\"elementor-widget-wrap elementor-element-populated\">\n\t\t\t\t\t\t<div class=\"elementor-element elementor-element-a4f8249 elementor-widget elementor-widget-text-editor\" data-id=\"a4f8249\" data-element_type=\"widget\" data-e-type=\"widget\" data-widget_type=\"text-editor.default\">\n\t\t\t\t<div class=\"elementor-widget-container\">\n\t\t\t\t\t\t\t\t\t<p><strong><img decoding=\"async\" class=\"alignnone size-full wp-image-7594\" src=\"https:\/\/cimodavinha.pt\/wp-content\/uploads\/2021\/04\/wheniconpng.png\" alt=\"\" width=\"12\" height=\"12\" \/> Date: <\/strong>Septembre<\/p>\t\t\t\t\t\t\t\t<\/div>\n\t\t\t\t<\/div>\n\t\t\t\t\t<\/div>\n\t\t<\/div>\n\t\t\t\t\t<\/div>\n\t\t<\/section>\n\t\t\t\t<section class=\"elementor-section elementor-top-section elementor-element elementor-element-44365c6 elementor-section-boxed elementor-section-height-default elementor-section-height-default\" data-id=\"44365c6\" data-element_type=\"section\" data-e-type=\"section\">\n\t\t\t\t\t\t<div class=\"elementor-container elementor-column-gap-default\">\n\t\t\t\t\t<div class=\"elementor-column elementor-col-100 elementor-top-column elementor-element elementor-element-04ab8f2\" data-id=\"04ab8f2\" data-element_type=\"column\" data-e-type=\"column\">\n\t\t\t<div class=\"elementor-widget-wrap elementor-element-populated\">\n\t\t\t\t\t\t<div class=\"elementor-element elementor-element-f211985 elementor-widget elementor-widget-image\" data-id=\"f211985\" data-element_type=\"widget\" data-e-type=\"widget\" data-widget_type=\"image.default\">\n\t\t\t\t<div class=\"elementor-widget-container\">\n\t\t\t\t\t\t\t\t\t\t\t\t<figure class=\"wp-caption\">\n\t\t\t\t\t\t\t\t\t\t<img decoding=\"async\" src=\"https:\/\/cimodavinha.pt\/wp-content\/uploads\/2021\/04\/feira-das-colheitas2.jpg\" title=\"feira das colheitas2\" alt=\"feira das colheitas2\" loading=\"lazy\" \/>\t\t\t\t\t\t\t\t\t\t\t<figcaption class=\"widget-image-caption wp-caption-text\">\u00a9 photo par Aquiearouca.pt<\/figcaption>\n\t\t\t\t\t\t\t\t\t\t<\/figure>\n\t\t\t\t\t\t\t\t\t<\/div>\n\t\t\t\t<\/div>\n\t\t\t\t\t<\/div>\n\t\t<\/div>\n\t\t\t\t\t<\/div>\n\t\t<\/section>\n\t\t\t\t<section class=\"elementor-section elementor-top-section elementor-element elementor-element-ce9e031 elementor-section-boxed elementor-section-height-default elementor-section-height-default\" data-id=\"ce9e031\" data-element_type=\"section\" data-e-type=\"section\">\n\t\t\t\t\t\t<div class=\"elementor-container elementor-column-gap-default\">\n\t\t\t\t\t<div class=\"elementor-column elementor-col-100 elementor-top-column elementor-element elementor-element-b8ca8af\" data-id=\"b8ca8af\" data-element_type=\"column\" data-e-type=\"column\">\n\t\t\t<div class=\"elementor-widget-wrap elementor-element-populated\">\n\t\t\t\t\t\t<div class=\"elementor-element elementor-element-b32edde elementor-widget elementor-widget-text-editor\" data-id=\"b32edde\" data-element_type=\"widget\" data-e-type=\"widget\" data-widget_type=\"text-editor.default\">\n\t\t\t\t<div class=\"elementor-widget-container\">\n\t\t\t\t\t\t\t\t\t<p>C&rsquo;est une longue tradition : le dernier week-end de septembre, le centre historique d&rsquo;Arouca se remplit de vie et de visiteurs pour c\u00e9l\u00e9brer une nouvelle foire aux r\u00e9coltes. Depuis 1944, cet \u00e9v\u00e9nement promeut les meilleures sp\u00e9cialit\u00e9s r\u00e9gionales, l&rsquo;artisanat et le folklore. De nombreuses traditions, danses et chansons ont \u00e9t\u00e9 maintenues en vie, au fil des d\u00e9cennies, gr\u00e2ce \u00e0 la dynamique ethnographique que la foire promeut.<\/p>\n<p>Cliquez <a href=\"https:\/\/cimodavinha.pt\/feira-das-colheitas\/\">ici<\/a> pour lire notre article d\u00e9taill\u00e9 sur la foire.<\/p>\n\t\t\t\t\t\t\t\t<\/div>\n\t\t\t\t<\/div>\n\t\t\t\t\t<\/div>\n\t\t<\/div>\n\t\t\t\t\t<\/div>\n\t\t<\/section>\n\t\t\t\t<section class=\"elementor-section elementor-top-section elementor-element elementor-element-2dd1a3d elementor-section-boxed elementor-section-height-default elementor-section-height-default\" data-id=\"2dd1a3d\" data-element_type=\"section\" data-e-type=\"section\">\n\t\t\t\t\t\t<div class=\"elementor-container elementor-column-gap-default\">\n\t\t\t\t\t<div class=\"elementor-column elementor-col-100 elementor-top-column elementor-element elementor-element-88e92be\" data-id=\"88e92be\" data-element_type=\"column\" data-e-type=\"column\">\n\t\t\t<div class=\"elementor-widget-wrap elementor-element-populated\">\n\t\t\t\t\t\t<div class=\"elementor-element elementor-element-8f3206b elementor-widget elementor-widget-heading\" data-id=\"8f3206b\" data-element_type=\"widget\" data-e-type=\"widget\" data-widget_type=\"heading.default\">\n\t\t\t\t<div class=\"elementor-widget-container\">\n\t\t\t\t\t<h2 class=\"elementor-heading-title elementor-size-default\">Mus\u00e9es<\/h2>\t\t\t\t<\/div>\n\t\t\t\t<\/div>\n\t\t\t\t\t<\/div>\n\t\t<\/div>\n\t\t\t\t\t<\/div>\n\t\t<\/section>\n\t\t\t\t<section class=\"elementor-section elementor-top-section elementor-element elementor-element-02bcb94 elementor-section-boxed elementor-section-height-default elementor-section-height-default\" data-id=\"02bcb94\" data-element_type=\"section\" data-e-type=\"section\">\n\t\t\t\t\t\t<div class=\"elementor-container elementor-column-gap-default\">\n\t\t\t\t\t<div class=\"elementor-column elementor-col-50 elementor-top-column elementor-element elementor-element-9ca70ae\" data-id=\"9ca70ae\" data-element_type=\"column\" data-e-type=\"column\">\n\t\t\t<div class=\"elementor-widget-wrap elementor-element-populated\">\n\t\t\t\t\t\t<div class=\"elementor-element elementor-element-be73cb6 elementor-widget elementor-widget-text-editor\" data-id=\"be73cb6\" data-element_type=\"widget\" data-e-type=\"widget\" data-widget_type=\"text-editor.default\">\n\t\t\t\t<div class=\"elementor-widget-container\">\n\t\t\t\t\t\t\t\t\t<p> <strong><img decoding=\"async\" class=\"alignnone size-full wp-image-7565\" src=\"https:\/\/cimodavinha.pt\/wp-content\/uploads\/2021\/04\/leaf-icon.png\" alt=\"\" width=\"12\" height=\"12\"> Distance de <i>Cimo da Vinha<\/i>: <span style=\"color: #4ec5a5;\">A<\/span><\/strong> 9 km | <span style=\"color: #4ec5a5;\"><strong>B<\/strong><\/span> 14 km | <strong><span style=\"color: #4ec5a5;\">C<\/span><\/strong> 28 km <strong><br \/><\/strong><\/p>\n\t\t\t\t\t\t\t\t<\/div>\n\t\t\t\t<\/div>\n\t\t\t\t\t<\/div>\n\t\t<\/div>\n\t\t\t\t<div class=\"elementor-column elementor-col-50 elementor-top-column elementor-element elementor-element-ae29e1d\" data-id=\"ae29e1d\" data-element_type=\"column\" data-e-type=\"column\">\n\t\t\t<div class=\"elementor-widget-wrap elementor-element-populated\">\n\t\t\t\t\t\t<div class=\"elementor-element elementor-element-b9be050 elementor-widget elementor-widget-text-editor\" data-id=\"b9be050\" data-element_type=\"widget\" data-e-type=\"widget\" data-widget_type=\"text-editor.default\">\n\t\t\t\t<div class=\"elementor-widget-container\">\n\t\t\t\t\t\t\t\t\t<p><strong><img loading=\"lazy\" decoding=\"async\" class=\"alignnone size-full wp-image-7594\" src=\"https:\/\/cimodavinha.pt\/wp-content\/uploads\/2021\/04\/wheniconpng.png\" alt=\"\" width=\"12\" height=\"12\"> Toute l\u2019ann\u00e9e <\/strong><strong><br \/><\/strong><\/p>\n\t\t\t\t\t\t\t\t<\/div>\n\t\t\t\t<\/div>\n\t\t\t\t\t<\/div>\n\t\t<\/div>\n\t\t\t\t\t<\/div>\n\t\t<\/section>\n\t\t\t\t<section class=\"elementor-section elementor-top-section elementor-element elementor-element-480ce1c elementor-section-boxed elementor-section-height-default elementor-section-height-default\" data-id=\"480ce1c\" data-element_type=\"section\" data-e-type=\"section\">\n\t\t\t\t\t\t<div class=\"elementor-container elementor-column-gap-default\">\n\t\t\t\t\t<div class=\"elementor-column elementor-col-100 elementor-top-column elementor-element elementor-element-06ffbed\" data-id=\"06ffbed\" data-element_type=\"column\" data-e-type=\"column\">\n\t\t\t<div class=\"elementor-widget-wrap elementor-element-populated\">\n\t\t\t\t\t\t<div class=\"elementor-element elementor-element-e12178f elementor-widget elementor-widget-image\" data-id=\"e12178f\" data-element_type=\"widget\" data-e-type=\"widget\" data-widget_type=\"image.default\">\n\t\t\t\t<div class=\"elementor-widget-container\">\n\t\t\t\t\t\t\t\t\t\t\t\t<figure class=\"wp-caption\">\n\t\t\t\t\t\t\t\t\t\t<img decoding=\"async\" src=\"https:\/\/cimodavinha.pt\/wp-content\/uploads\/2021\/04\/conventodearouca.jpg\" title=\"conventodearouca\" alt=\"conventodearouca\" loading=\"lazy\" \/>\t\t\t\t\t\t\t\t\t\t\t<figcaption class=\"widget-image-caption wp-caption-text\">Mus\u00e9e d'Art Sacr\u00e9 \u00a9 photo par CulturaNorte.gov.pt<\/figcaption>\n\t\t\t\t\t\t\t\t\t\t<\/figure>\n\t\t\t\t\t\t\t\t\t<\/div>\n\t\t\t\t<\/div>\n\t\t\t\t\t<\/div>\n\t\t<\/div>\n\t\t\t\t\t<\/div>\n\t\t<\/section>\n\t\t\t\t<section class=\"elementor-section elementor-top-section elementor-element elementor-element-f836122 elementor-section-boxed elementor-section-height-default elementor-section-height-default\" data-id=\"f836122\" data-element_type=\"section\" data-e-type=\"section\">\n\t\t\t\t\t\t<div class=\"elementor-container elementor-column-gap-default\">\n\t\t\t\t\t<div class=\"elementor-column elementor-col-100 elementor-top-column elementor-element elementor-element-ca8a42c\" data-id=\"ca8a42c\" data-element_type=\"column\" data-e-type=\"column\">\n\t\t\t<div class=\"elementor-widget-wrap elementor-element-populated\">\n\t\t\t\t\t\t<div class=\"elementor-element elementor-element-bf797f9 elementor-widget elementor-widget-text-editor\" data-id=\"bf797f9\" data-element_type=\"widget\" data-e-type=\"widget\" data-widget_type=\"text-editor.default\">\n\t\t\t\t<div class=\"elementor-widget-container\">\n\t\t\t\t\t\t\t\t\t<p>Outre le <em>mus\u00e9e municipal,<\/em> le village d&rsquo;Arouca dispose d&rsquo;un ensemble de mus\u00e9es et de centres d&rsquo;\u00e9tudes d&rsquo;un int\u00e9r\u00eat ind\u00e9niable . <span style=\"color: #4ec5a5;\"><strong>A<\/strong><\/span>) <strong>Monast\u00e8re et <\/strong> <strong>Mus\u00e9e d&rsquo;Art Sacr\u00e9 <\/strong>: dans le centre historique d&rsquo;Arouca, l&rsquo;\u00e9tonnant monast\u00e8re dont les origines remontent au Xe si\u00e8cle, o\u00f9 v\u00e9cut D. Mafalda Sanches de Portugal (\u00e9ph\u00e9m\u00e8re reine de Castille), est reli\u00e9 au <em>Mus\u00e9e d&rsquo;Art Sacr\u00e9 <\/em> qui poss\u00e8de une tr\u00e8s riche collection de peintures, sculptures, bijoux, meubles et divers objets religieux. <span style=\"color: #4ec5a5;\"><strong>B<\/strong><\/span>) <strong>Mus\u00e9e des trilobites <\/strong>: les diff\u00e9rents fossiles expos\u00e9s ici racontent l&rsquo;histoire de notre plan\u00e8te, notamment certains des plus grands trilobites du monde recueillis sur des ardoises provenant des environs o\u00f9, dans le pass\u00e9 (il y a 465 millions d&rsquo;ann\u00e9es), il y avait une mer australe. <span style=\"color: #4ec5a5;\"><strong>C<\/strong><\/span>) <strong>Maison des pierres d&rsquo;\u00e9levage <\/strong>: ce centre d&rsquo;interpr\u00e9tation entend r\u00e9pondre, par la science et la recherche, \u00e0 l&rsquo;\u00e9nigme qui se cache derri\u00e8re ces roches, que les gens appellent \u00ab\u00a0d&rsquo;\u00e9levage\u00a0\u00bb, qui sont un ph\u00e9nom\u00e8ne unique.<\/p>\n\t\t\t\t\t\t\t\t<\/div>\n\t\t\t\t<\/div>\n\t\t\t\t\t<\/div>\n\t\t<\/div>\n\t\t\t\t\t<\/div>\n\t\t<\/section>\n\t\t\t\t<section class=\"elementor-section elementor-top-section elementor-element elementor-element-e14cc84 elementor-section-boxed elementor-section-height-default elementor-section-height-default\" data-id=\"e14cc84\" data-element_type=\"section\" data-e-type=\"section\">\n\t\t\t\t\t\t<div class=\"elementor-container elementor-column-gap-default\">\n\t\t\t\t\t<div class=\"elementor-column elementor-col-100 elementor-top-column elementor-element elementor-element-7225340\" data-id=\"7225340\" data-element_type=\"column\" data-e-type=\"column\">\n\t\t\t<div class=\"elementor-widget-wrap elementor-element-populated\">\n\t\t\t\t\t\t<div class=\"elementor-element elementor-element-c0a50c0 elementor-widget elementor-widget-heading\" data-id=\"c0a50c0\" data-element_type=\"widget\" data-e-type=\"widget\" data-widget_type=\"heading.default\">\n\t\t\t\t<div class=\"elementor-widget-container\">\n\t\t\t\t\t<h2 class=\"elementor-heading-title elementor-size-default\">Villages traditionnels<\/h2>\t\t\t\t<\/div>\n\t\t\t\t<\/div>\n\t\t\t\t\t<\/div>\n\t\t<\/div>\n\t\t\t\t\t<\/div>\n\t\t<\/section>\n\t\t\t\t<section class=\"elementor-section elementor-top-section elementor-element elementor-element-fb56c61 elementor-section-boxed elementor-section-height-default elementor-section-height-default\" data-id=\"fb56c61\" data-element_type=\"section\" data-e-type=\"section\">\n\t\t\t\t\t\t<div class=\"elementor-container elementor-column-gap-default\">\n\t\t\t\t\t<div class=\"elementor-column elementor-col-50 elementor-top-column elementor-element elementor-element-8326a65\" data-id=\"8326a65\" data-element_type=\"column\" data-e-type=\"column\">\n\t\t\t<div class=\"elementor-widget-wrap elementor-element-populated\">\n\t\t\t\t\t\t<div class=\"elementor-element elementor-element-8673923 elementor-widget elementor-widget-text-editor\" data-id=\"8673923\" data-element_type=\"widget\" data-e-type=\"widget\" data-widget_type=\"text-editor.default\">\n\t\t\t\t<div class=\"elementor-widget-container\">\n\t\t\t\t\t\t\t\t\t<p> <strong><img decoding=\"async\" class=\"alignnone size-full wp-image-7565\" src=\"https:\/\/cimodavinha.pt\/wp-content\/uploads\/2021\/04\/leaf-icon.png\" alt=\"\" width=\"12\" height=\"12\"> Distance de <i>Cimo da Vinha<\/i>: <span style=\"color: #4ec5a5;\">A<\/span><\/strong> 20 km | <span style=\"color: #4ec5a5;\"><strong>B<\/strong><\/span> 27 km | <strong><span style=\"color: #4ec5a5;\">C<\/span><\/strong> 28 km | <span style=\"color: #4ec5a5;\"><strong>D<\/strong><\/span> 30 km | <span style=\"color: #4ec5a5;\"><strong>E<\/strong><\/span> 45 km<strong><br \/><\/strong><\/p>\n\t\t\t\t\t\t\t\t<\/div>\n\t\t\t\t<\/div>\n\t\t\t\t\t<\/div>\n\t\t<\/div>\n\t\t\t\t<div class=\"elementor-column elementor-col-50 elementor-top-column elementor-element elementor-element-df0a7dc\" data-id=\"df0a7dc\" data-element_type=\"column\" data-e-type=\"column\">\n\t\t\t<div class=\"elementor-widget-wrap elementor-element-populated\">\n\t\t\t\t\t\t<div class=\"elementor-element elementor-element-8fceb14 elementor-widget elementor-widget-text-editor\" data-id=\"8fceb14\" data-element_type=\"widget\" data-e-type=\"widget\" data-widget_type=\"text-editor.default\">\n\t\t\t\t<div class=\"elementor-widget-container\">\n\t\t\t\t\t\t\t\t\t<p><strong><img loading=\"lazy\" decoding=\"async\" class=\"alignnone size-full wp-image-7594\" src=\"https:\/\/cimodavinha.pt\/wp-content\/uploads\/2021\/04\/wheniconpng.png\" alt=\"\" width=\"12\" height=\"12\"> Toute l\u2019ann\u00e9e <\/strong><strong><br \/><\/strong><\/p>\n\t\t\t\t\t\t\t\t<\/div>\n\t\t\t\t<\/div>\n\t\t\t\t\t<\/div>\n\t\t<\/div>\n\t\t\t\t\t<\/div>\n\t\t<\/section>\n\t\t\t\t<section class=\"elementor-section elementor-top-section elementor-element elementor-element-3ce7242 elementor-section-boxed elementor-section-height-default elementor-section-height-default\" data-id=\"3ce7242\" data-element_type=\"section\" data-e-type=\"section\">\n\t\t\t\t\t\t<div class=\"elementor-container elementor-column-gap-default\">\n\t\t\t\t\t<div class=\"elementor-column elementor-col-100 elementor-top-column elementor-element elementor-element-6360251\" data-id=\"6360251\" data-element_type=\"column\" data-e-type=\"column\">\n\t\t\t<div class=\"elementor-widget-wrap elementor-element-populated\">\n\t\t\t\t\t\t<div class=\"elementor-element elementor-element-3b73b10 elementor-widget elementor-widget-image\" data-id=\"3b73b10\" data-element_type=\"widget\" data-e-type=\"widget\" data-widget_type=\"image.default\">\n\t\t\t\t<div class=\"elementor-widget-container\">\n\t\t\t\t\t\t\t\t\t\t\t\t<figure class=\"wp-caption\">\n\t\t\t\t\t\t\t\t\t\t<img decoding=\"async\" src=\"https:\/\/cimodavinha.pt\/wp-content\/uploads\/2021\/04\/drave.jpg\" title=\"drave\" alt=\"aldeia Drave\" loading=\"lazy\" \/>\t\t\t\t\t\t\t\t\t\t\t<figcaption class=\"widget-image-caption wp-caption-text\">Drave \u00a9 photo par Wikipedia<\/figcaption>\n\t\t\t\t\t\t\t\t\t\t<\/figure>\n\t\t\t\t\t\t\t\t\t<\/div>\n\t\t\t\t<\/div>\n\t\t\t\t\t<\/div>\n\t\t<\/div>\n\t\t\t\t\t<\/div>\n\t\t<\/section>\n\t\t\t\t<section class=\"elementor-section elementor-top-section elementor-element elementor-element-3d6fc4a elementor-section-boxed elementor-section-height-default elementor-section-height-default\" data-id=\"3d6fc4a\" data-element_type=\"section\" data-e-type=\"section\">\n\t\t\t\t\t\t<div class=\"elementor-container elementor-column-gap-default\">\n\t\t\t\t\t<div class=\"elementor-column elementor-col-100 elementor-top-column elementor-element elementor-element-90bdca9\" data-id=\"90bdca9\" data-element_type=\"column\" data-e-type=\"column\">\n\t\t\t<div class=\"elementor-widget-wrap elementor-element-populated\">\n\t\t\t\t\t\t<div class=\"elementor-element elementor-element-a2caf81 elementor-widget elementor-widget-text-editor\" data-id=\"a2caf81\" data-element_type=\"widget\" data-e-type=\"widget\" data-widget_type=\"text-editor.default\">\n\t\t\t\t<div class=\"elementor-widget-container\">\n\t\t\t\t\t\t\t\t\t<p>Isol\u00e9 par les montagnes ou au bord de la rivi\u00e8re, le vaste territoire d&rsquo;Arouca pr\u00e9sente des villages anciens qui semblent presque insensibles au passage du temps. Quelques-uns de nos pr\u00e9f\u00e9r\u00e9s. <span style=\"color: #4ec5a5;\"><strong>A<\/strong><\/span>) <strong>Paradinha<\/strong>: au bord de la rivi\u00e8re Paiva, ce village charmant et bien entretenu, avec des chemins r\u00e9nov\u00e9s reliant toutes les maisons de schiste et d&rsquo;ardoise, a une atmosph\u00e8re de v\u00e9ritable fable, avec la chapelle au premier plan . En ao\u00fbt, il accueille habituellement des concerts de musique classique, les <em>Sons de l&rsquo;Eau<\/em>. <span style=\"color: #4ec5a5;\"><strong>B<\/strong><\/span>) <strong>Rio de Frades<\/strong>: On suppose que ce village a \u00e9t\u00e9 fond\u00e9 par des fr\u00e8res j\u00e9suites qui, \u00e0 l&rsquo;\u00e9poque de Pombaline, s&rsquo;y sont r\u00e9fugi\u00e9s lors de l&rsquo;extinction de divers ordres religieux. Pendant la Seconde Guerre mondiale, les Allemands ont transform\u00e9 cette zone en une op\u00e9ration industrielle d&rsquo;extraction de tungst\u00e8ne et l&rsquo;un des tunnels de ces mines abandonn\u00e9es est aujourd&rsquo;hui une voie de passage qui relie la for\u00eat \u00e0 une entr\u00e9e magique vers une s\u00e9rie de chutes d&rsquo;eau spectaculaires. <span style=\"color: #4ec5a5;\"><strong>C<\/strong><\/span>) <strong>Cabreiros<\/strong>: Bien que cach\u00e9 dans les montagnes, ce village a un fort h\u00e9ritage historique avec des liens avec l&rsquo; <em>Ordre de Malte<\/em> et une partie de la carte de la ru\u00e9e vers \u00ab\u00a0l&rsquo;or noir\u00a0\u00bb pendant la Seconde Guerre mondiale. <span style=\"color: #4ec5a5;\"><strong>D<\/strong><\/span>) <strong>Meitriz<\/strong>: Entour\u00e9 gracieusement par la rivi\u00e8re Paiva, entre les montagnes de Montemuro et d&rsquo;Arada, c&rsquo;est peut-\u00eatre le village qui a le plus longtemps captiv\u00e9 l&rsquo;imagination des visiteurs de l&rsquo;int\u00e9rieur d&rsquo;Arouca en raison de sa beaut\u00e9 naturelle. <span style=\"color: #4ec5a5;\"><strong>E<\/strong><\/span>) <strong>Drave<\/strong>: Drave : ce village isol\u00e9 et inhabit\u00e9 est unique, comme s&rsquo;il sortait d&rsquo;un film fantastique, en raison des champs qui, travers\u00e9s par la rivi\u00e8re, sont m\u00e9ticuleusement p\u00e2tur\u00e9s et pi\u00e9tin\u00e9s par les troupeaux. Sans acc\u00e8s facile, pour y arriver, il faut parcourir un sentier de 4 km qui part de Regoufe, o\u00f9 l&rsquo;on peut aussi visiter les mines de tungst\u00e8ne abandonn\u00e9es.<\/p>\n\t\t\t\t\t\t\t\t<\/div>\n\t\t\t\t<\/div>\n\t\t\t\t\t<\/div>\n\t\t<\/div>\n\t\t\t\t\t<\/div>\n\t\t<\/section>\n\t\t\t\t<section class=\"elementor-section elementor-top-section elementor-element elementor-element-b08a016 elementor-section-boxed elementor-section-height-default elementor-section-height-default\" data-id=\"b08a016\" data-element_type=\"section\" data-e-type=\"section\">\n\t\t\t\t\t\t<div class=\"elementor-container elementor-column-gap-default\">\n\t\t\t\t\t<div class=\"elementor-column elementor-col-100 elementor-top-column elementor-element elementor-element-f299e96\" data-id=\"f299e96\" data-element_type=\"column\" data-e-type=\"column\">\n\t\t\t<div class=\"elementor-widget-wrap elementor-element-populated\">\n\t\t\t\t\t\t<div class=\"elementor-element elementor-element-b342a90 elementor-widget elementor-widget-heading\" data-id=\"b342a90\" data-element_type=\"widget\" data-e-type=\"widget\" data-widget_type=\"heading.default\">\n\t\t\t\t<div class=\"elementor-widget-container\">\n\t\t\t\t\t<h2 class=\"elementor-heading-title elementor-size-default\">La montagne Freita<\/h2>\t\t\t\t<\/div>\n\t\t\t\t<\/div>\n\t\t\t\t\t<\/div>\n\t\t<\/div>\n\t\t\t\t\t<\/div>\n\t\t<\/section>\n\t\t\t\t<section class=\"elementor-section elementor-top-section elementor-element elementor-element-aacfb72 elementor-section-boxed elementor-section-height-default elementor-section-height-default\" data-id=\"aacfb72\" data-element_type=\"section\" data-e-type=\"section\">\n\t\t\t\t\t\t<div class=\"elementor-container elementor-column-gap-default\">\n\t\t\t\t\t<div class=\"elementor-column elementor-col-50 elementor-top-column elementor-element elementor-element-b1a787e\" data-id=\"b1a787e\" data-element_type=\"column\" data-e-type=\"column\">\n\t\t\t<div class=\"elementor-widget-wrap elementor-element-populated\">\n\t\t\t\t\t\t<div class=\"elementor-element elementor-element-98d5558 elementor-widget elementor-widget-text-editor\" data-id=\"98d5558\" data-element_type=\"widget\" data-e-type=\"widget\" data-widget_type=\"text-editor.default\">\n\t\t\t\t<div class=\"elementor-widget-container\">\n\t\t\t\t\t\t\t\t\t<p> <strong><img decoding=\"async\" class=\"alignnone size-full wp-image-7565\" src=\"https:\/\/cimodavinha.pt\/wp-content\/uploads\/2021\/04\/leaf-icon.png\" alt=\"\" width=\"12\" height=\"12\"> Distance de <i>Cimo da Vinha<\/i>: <span style=\"color: #4ec5a5;\">Frecha da Mizarela<\/span> 27<\/strong> km<\/p>\n\t\t\t\t\t\t\t\t<\/div>\n\t\t\t\t<\/div>\n\t\t\t\t\t<\/div>\n\t\t<\/div>\n\t\t\t\t<div class=\"elementor-column elementor-col-50 elementor-top-column elementor-element elementor-element-fe4b291\" data-id=\"fe4b291\" data-element_type=\"column\" data-e-type=\"column\">\n\t\t\t<div class=\"elementor-widget-wrap elementor-element-populated\">\n\t\t\t\t\t\t<div class=\"elementor-element elementor-element-9d6211b elementor-widget elementor-widget-text-editor\" data-id=\"9d6211b\" data-element_type=\"widget\" data-e-type=\"widget\" data-widget_type=\"text-editor.default\">\n\t\t\t\t<div class=\"elementor-widget-container\">\n\t\t\t\t\t\t\t\t\t<p><strong><img loading=\"lazy\" decoding=\"async\" class=\"alignnone size-full wp-image-7594\" src=\"https:\/\/cimodavinha.pt\/wp-content\/uploads\/2021\/04\/wheniconpng.png\" alt=\"\" width=\"12\" height=\"12\"> Toute l\u2019ann\u00e9e<\/strong><\/p>\n\t\t\t\t\t\t\t\t<\/div>\n\t\t\t\t<\/div>\n\t\t\t\t\t<\/div>\n\t\t<\/div>\n\t\t\t\t\t<\/div>\n\t\t<\/section>\n\t\t\t\t<section class=\"elementor-section elementor-top-section elementor-element elementor-element-06cb2f1 elementor-section-boxed elementor-section-height-default elementor-section-height-default\" data-id=\"06cb2f1\" data-element_type=\"section\" data-e-type=\"section\">\n\t\t\t\t\t\t<div class=\"elementor-container elementor-column-gap-default\">\n\t\t\t\t\t<div class=\"elementor-column elementor-col-100 elementor-top-column elementor-element elementor-element-1717271\" data-id=\"1717271\" data-element_type=\"column\" data-e-type=\"column\">\n\t\t\t<div class=\"elementor-widget-wrap elementor-element-populated\">\n\t\t\t\t\t\t<div class=\"elementor-element elementor-element-5dd8568 elementor-widget elementor-widget-image\" data-id=\"5dd8568\" data-element_type=\"widget\" data-e-type=\"widget\" data-widget_type=\"image.default\">\n\t\t\t\t<div class=\"elementor-widget-container\">\n\t\t\t\t\t\t\t\t\t\t\t\t<figure class=\"wp-caption\">\n\t\t\t\t\t\t\t\t\t\t<img decoding=\"async\" src=\"https:\/\/cimodavinha.pt\/wp-content\/uploads\/2021\/04\/mizarela2.jpg\" title=\"Frecha da Mizarela\" alt=\"Frecha da Mizarela\" loading=\"lazy\" \/>\t\t\t\t\t\t\t\t\t\t\t<figcaption class=\"widget-image-caption wp-caption-text\">\u00a9 photo par VidaAtiva.pt<\/figcaption>\n\t\t\t\t\t\t\t\t\t\t<\/figure>\n\t\t\t\t\t\t\t\t\t<\/div>\n\t\t\t\t<\/div>\n\t\t\t\t\t<\/div>\n\t\t<\/div>\n\t\t\t\t\t<\/div>\n\t\t<\/section>\n\t\t\t\t<section class=\"elementor-section elementor-top-section elementor-element elementor-element-1a3a54b elementor-section-boxed elementor-section-height-default elementor-section-height-default\" data-id=\"1a3a54b\" data-element_type=\"section\" data-e-type=\"section\">\n\t\t\t\t\t\t<div class=\"elementor-container elementor-column-gap-default\">\n\t\t\t\t\t<div class=\"elementor-column elementor-col-100 elementor-top-column elementor-element elementor-element-dcc159d\" data-id=\"dcc159d\" data-element_type=\"column\" data-e-type=\"column\">\n\t\t\t<div class=\"elementor-widget-wrap elementor-element-populated\">\n\t\t\t\t\t\t<div class=\"elementor-element elementor-element-22fb55e elementor-widget elementor-widget-text-editor\" data-id=\"22fb55e\" data-element_type=\"widget\" data-e-type=\"widget\" data-widget_type=\"text-editor.default\">\n\t\t\t\t<div class=\"elementor-widget-container\">\n\t\t\t\t\t\t\t\t\t<p>Du haut de sa splendeur de 1100 m\u00e8tres, la montagne Freita fascine les visiteurs par son beau manteau de v\u00e9g\u00e9tation, ses villages perdus dans le temps et les secrets qu&rsquo;elle cache, puisque 17 des g\u00e9osites du G\u00e9oparc d&rsquo;Arouca s&rsquo;y trouvent. Nous soulignons ici un endroit \u00e0 couper le souffle, la <strong>Frecha da Mizarela<\/strong>, une chute d&rsquo;eau vertigineuse au milieu de la roche granitique, \u00e0 une altitude de plus de 900 m\u00e8tres, avec une hauteur de 75 m\u00e8tres, aliment\u00e9e par la rivi\u00e8re Caima, \u00e9tant l&rsquo;une des plus hautes d&rsquo;Europe.<\/p>\n\t\t\t\t\t\t\t\t<\/div>\n\t\t\t\t<\/div>\n\t\t\t\t\t<\/div>\n\t\t<\/div>\n\t\t\t\t\t<\/div>\n\t\t<\/section>\n\t\t\t\t<section class=\"elementor-section elementor-top-section elementor-element elementor-element-615ef9d elementor-section-boxed elementor-section-height-default elementor-section-height-default\" data-id=\"615ef9d\" data-element_type=\"section\" data-e-type=\"section\">\n\t\t\t\t\t\t<div class=\"elementor-container elementor-column-gap-default\">\n\t\t\t\t\t<div class=\"elementor-column elementor-col-100 elementor-top-column elementor-element elementor-element-660dd4b\" data-id=\"660dd4b\" data-element_type=\"column\" data-e-type=\"column\">\n\t\t\t<div class=\"elementor-widget-wrap elementor-element-populated\">\n\t\t\t\t\t\t<div class=\"elementor-element elementor-element-0d6bd65 elementor-widget elementor-widget-heading\" data-id=\"0d6bd65\" data-element_type=\"widget\" data-e-type=\"widget\" data-widget_type=\"heading.default\">\n\t\t\t\t<div class=\"elementor-widget-container\">\n\t\t\t\t\t<h2 class=\"elementor-heading-title elementor-size-default\">Le g\u00e9oparc d\u2019Arouca<\/h2>\t\t\t\t<\/div>\n\t\t\t\t<\/div>\n\t\t\t\t\t<\/div>\n\t\t<\/div>\n\t\t\t\t\t<\/div>\n\t\t<\/section>\n\t\t\t\t<section class=\"elementor-section elementor-top-section elementor-element elementor-element-a4b0d23 elementor-section-boxed elementor-section-height-default elementor-section-height-default\" data-id=\"a4b0d23\" data-element_type=\"section\" data-e-type=\"section\">\n\t\t\t\t\t\t<div class=\"elementor-container elementor-column-gap-default\">\n\t\t\t\t\t<div class=\"elementor-column elementor-col-50 elementor-top-column elementor-element elementor-element-38c784a\" data-id=\"38c784a\" data-element_type=\"column\" data-e-type=\"column\">\n\t\t\t<div class=\"elementor-widget-wrap elementor-element-populated\">\n\t\t\t\t\t\t<div class=\"elementor-element elementor-element-e8ee892 elementor-widget elementor-widget-text-editor\" data-id=\"e8ee892\" data-element_type=\"widget\" data-e-type=\"widget\" data-widget_type=\"text-editor.default\">\n\t\t\t\t<div class=\"elementor-widget-container\">\n\t\t\t\t\t\t\t\t\t<p><strong><img decoding=\"async\" class=\"alignnone size-full wp-image-7565\" src=\"https:\/\/cimodavinha.pt\/wp-content\/uploads\/2021\/04\/leaf-icon.png\" alt=\"\" width=\"12\" height=\"12\" \/> Distance de <i>Cimo da Vinha<\/i>: <\/strong>plusieurs emplacements<strong><br \/><\/strong><\/p>\t\t\t\t\t\t\t\t<\/div>\n\t\t\t\t<\/div>\n\t\t\t\t\t<\/div>\n\t\t<\/div>\n\t\t\t\t<div class=\"elementor-column elementor-col-50 elementor-top-column elementor-element elementor-element-8078ab3\" data-id=\"8078ab3\" data-element_type=\"column\" data-e-type=\"column\">\n\t\t\t<div class=\"elementor-widget-wrap elementor-element-populated\">\n\t\t\t\t\t\t<div class=\"elementor-element elementor-element-001ca65 elementor-widget elementor-widget-text-editor\" data-id=\"001ca65\" data-element_type=\"widget\" data-e-type=\"widget\" data-widget_type=\"text-editor.default\">\n\t\t\t\t<div class=\"elementor-widget-container\">\n\t\t\t\t\t\t\t\t\t<p><strong><img loading=\"lazy\" decoding=\"async\" class=\"alignnone size-full wp-image-7594\" src=\"https:\/\/cimodavinha.pt\/wp-content\/uploads\/2021\/04\/wheniconpng.png\" alt=\"\" width=\"12\" height=\"12\"> Toute l\u2019ann\u00e9e<\/strong><strong><br \/><\/strong><\/p>\n\t\t\t\t\t\t\t\t<\/div>\n\t\t\t\t<\/div>\n\t\t\t\t\t<\/div>\n\t\t<\/div>\n\t\t\t\t\t<\/div>\n\t\t<\/section>\n\t\t\t\t<section class=\"elementor-section elementor-top-section elementor-element elementor-element-2d6d6a6 elementor-section-boxed elementor-section-height-default elementor-section-height-default\" data-id=\"2d6d6a6\" data-element_type=\"section\" data-e-type=\"section\">\n\t\t\t\t\t\t<div class=\"elementor-container elementor-column-gap-default\">\n\t\t\t\t\t<div class=\"elementor-column elementor-col-100 elementor-top-column elementor-element elementor-element-f37a9a9\" data-id=\"f37a9a9\" data-element_type=\"column\" data-e-type=\"column\">\n\t\t\t<div class=\"elementor-widget-wrap elementor-element-populated\">\n\t\t\t\t\t\t<div class=\"elementor-element elementor-element-713ad35 elementor-widget elementor-widget-image\" data-id=\"713ad35\" data-element_type=\"widget\" data-e-type=\"widget\" data-widget_type=\"image.default\">\n\t\t\t\t<div class=\"elementor-widget-container\">\n\t\t\t\t\t\t\t\t\t\t\t\t<figure class=\"wp-caption\">\n\t\t\t\t\t\t\t\t\t\t<img decoding=\"async\" src=\"https:\/\/cimodavinha.pt\/wp-content\/uploads\/2021\/04\/geopark.jpg\" title=\"Arouca Geopark\" alt=\"Arouca Geopark\" loading=\"lazy\" \/>\t\t\t\t\t\t\t\t\t\t\t<figcaption class=\"widget-image-caption wp-caption-text\">\u00a9 photo par Arouca Geopark<\/figcaption>\n\t\t\t\t\t\t\t\t\t\t<\/figure>\n\t\t\t\t\t\t\t\t\t<\/div>\n\t\t\t\t<\/div>\n\t\t\t\t\t<\/div>\n\t\t<\/div>\n\t\t\t\t\t<\/div>\n\t\t<\/section>\n\t\t\t\t<section class=\"elementor-section elementor-top-section elementor-element elementor-element-e204355 elementor-section-boxed elementor-section-height-default elementor-section-height-default\" data-id=\"e204355\" data-element_type=\"section\" data-e-type=\"section\">\n\t\t\t\t\t\t<div class=\"elementor-container elementor-column-gap-default\">\n\t\t\t\t\t<div class=\"elementor-column elementor-col-100 elementor-top-column elementor-element elementor-element-cfd83e0\" data-id=\"cfd83e0\" data-element_type=\"column\" data-e-type=\"column\">\n\t\t\t<div class=\"elementor-widget-wrap elementor-element-populated\">\n\t\t\t\t\t\t<div class=\"elementor-element elementor-element-86d7991 elementor-widget elementor-widget-text-editor\" data-id=\"86d7991\" data-element_type=\"widget\" data-e-type=\"widget\" data-widget_type=\"text-editor.default\">\n\t\t\t\t<div class=\"elementor-widget-container\">\n\t\t\t\t\t\t\t\t\t<p>Avec une incroyable extension de 328 km2 et cr\u00e9\u00e9 en 2009, ce g\u00e9oparc inscrit au patrimoine de l&rsquo;UNESCO \u00e9tait le deuxi\u00e8me \u00e0 exister au Portugal. 41 g\u00e9osites d&rsquo;un \u00e9norme int\u00e9r\u00eat sont cartographi\u00e9s pour leur riche patrimoine g\u00e9ologique, notamment des Ichnofossiles, des Pierres de reproduction et des Trilobites g\u00e9ants. Le g\u00e9oparc comprend \u00e9galement des sites fondamentaux tels que les <em>Passerelles de Paiva<\/em>, le <em>Monast\u00e8re d&rsquo;Arouca <\/em> ou le <em>Mus\u00e9e des Trilobites<\/em>.<\/p><p>Cliquez <a href=\"https:\/\/cimodavinha.pt\/fr\/arouca-geopark-guide-de-voyage-pour-decouvrir-les-principaux-chemins-et-attractions\/\">ici<\/a> pour lire notre article d\u00e9taill\u00e9 sur le G\u00e9oparc.<\/p>\t\t\t\t\t\t\t\t<\/div>\n\t\t\t\t<\/div>\n\t\t\t\t\t<\/div>\n\t\t<\/div>\n\t\t\t\t\t<\/div>\n\t\t<\/section>\n\t\t\t\t<section class=\"elementor-section elementor-top-section elementor-element elementor-element-39cf04f elementor-section-boxed elementor-section-height-default elementor-section-height-default\" data-id=\"39cf04f\" data-element_type=\"section\" data-e-type=\"section\">\n\t\t\t\t\t\t<div class=\"elementor-container elementor-column-gap-default\">\n\t\t\t\t\t<div class=\"elementor-column elementor-col-100 elementor-top-column elementor-element elementor-element-4f39d51\" data-id=\"4f39d51\" data-element_type=\"column\" data-e-type=\"column\">\n\t\t\t<div class=\"elementor-widget-wrap elementor-element-populated\">\n\t\t\t\t\t\t<div class=\"elementor-element elementor-element-0210c4d elementor-widget elementor-widget-heading\" data-id=\"0210c4d\" data-element_type=\"widget\" data-e-type=\"widget\" data-widget_type=\"heading.default\">\n\t\t\t\t<div class=\"elementor-widget-container\">\n\t\t\t\t\t<h2 class=\"elementor-heading-title elementor-size-default\">Gastronomie<\/h2>\t\t\t\t<\/div>\n\t\t\t\t<\/div>\n\t\t\t\t\t<\/div>\n\t\t<\/div>\n\t\t\t\t\t<\/div>\n\t\t<\/section>\n\t\t\t\t<section class=\"elementor-section elementor-top-section elementor-element elementor-element-8d182c2 elementor-section-boxed elementor-section-height-default elementor-section-height-default\" data-id=\"8d182c2\" data-element_type=\"section\" data-e-type=\"section\">\n\t\t\t\t\t\t<div class=\"elementor-container elementor-column-gap-default\">\n\t\t\t\t\t<div class=\"elementor-column elementor-col-50 elementor-top-column elementor-element elementor-element-39ad944\" data-id=\"39ad944\" data-element_type=\"column\" data-e-type=\"column\">\n\t\t\t<div class=\"elementor-widget-wrap elementor-element-populated\">\n\t\t\t\t\t\t<div class=\"elementor-element elementor-element-bc889d4 elementor-widget elementor-widget-text-editor\" data-id=\"bc889d4\" data-element_type=\"widget\" data-e-type=\"widget\" data-widget_type=\"text-editor.default\">\n\t\t\t\t<div class=\"elementor-widget-container\">\n\t\t\t\t\t\t\t\t\t<p><strong><img decoding=\"async\" class=\"alignnone size-full wp-image-7565\" src=\"https:\/\/cimodavinha.pt\/wp-content\/uploads\/2021\/04\/leaf-icon.png\" alt=\"\" width=\"12\" height=\"12\" \/> Distance de <i>Cimo da Vinha<\/i>: <\/strong>plusieurs emplacements<strong><br \/><\/strong><\/p>\t\t\t\t\t\t\t\t<\/div>\n\t\t\t\t<\/div>\n\t\t\t\t\t<\/div>\n\t\t<\/div>\n\t\t\t\t<div class=\"elementor-column elementor-col-50 elementor-top-column elementor-element elementor-element-a66605b\" data-id=\"a66605b\" data-element_type=\"column\" data-e-type=\"column\">\n\t\t\t<div class=\"elementor-widget-wrap elementor-element-populated\">\n\t\t\t\t\t\t<div class=\"elementor-element elementor-element-95dceda elementor-widget elementor-widget-text-editor\" data-id=\"95dceda\" data-element_type=\"widget\" data-e-type=\"widget\" data-widget_type=\"text-editor.default\">\n\t\t\t\t<div class=\"elementor-widget-container\">\n\t\t\t\t\t\t\t\t\t<p><strong><img loading=\"lazy\" decoding=\"async\" class=\"alignnone size-full wp-image-7594\" src=\"https:\/\/cimodavinha.pt\/wp-content\/uploads\/2021\/04\/wheniconpng.png\" alt=\"\" width=\"12\" height=\"12\"> Toute l\u2019ann\u00e9e<\/strong><strong><br \/><\/strong><\/p>\n\t\t\t\t\t\t\t\t<\/div>\n\t\t\t\t<\/div>\n\t\t\t\t\t<\/div>\n\t\t<\/div>\n\t\t\t\t\t<\/div>\n\t\t<\/section>\n\t\t\t\t<section class=\"elementor-section elementor-top-section elementor-element elementor-element-05865b6 elementor-section-boxed elementor-section-height-default elementor-section-height-default\" data-id=\"05865b6\" data-element_type=\"section\" data-e-type=\"section\">\n\t\t\t\t\t\t<div class=\"elementor-container elementor-column-gap-default\">\n\t\t\t\t\t<div class=\"elementor-column elementor-col-100 elementor-top-column elementor-element elementor-element-a903b52\" data-id=\"a903b52\" data-element_type=\"column\" data-e-type=\"column\">\n\t\t\t<div class=\"elementor-widget-wrap elementor-element-populated\">\n\t\t\t\t\t\t<div class=\"elementor-element elementor-element-7513783 elementor-widget elementor-widget-image\" data-id=\"7513783\" data-element_type=\"widget\" data-e-type=\"widget\" data-widget_type=\"image.default\">\n\t\t\t\t<div class=\"elementor-widget-container\">\n\t\t\t\t\t\t\t\t\t\t\t\t<figure class=\"wp-caption\">\n\t\t\t\t\t\t\t\t\t\t<img decoding=\"async\" src=\"https:\/\/cimodavinha.pt\/wp-content\/uploads\/2021\/04\/docesconventuais.jpg\" title=\"Doces Conventuais de Arouca\" alt=\"Doces Conventuais de Arouca\" loading=\"lazy\" \/>\t\t\t\t\t\t\t\t\t\t\t<figcaption class=\"widget-image-caption wp-caption-text\">\u00a9 photo par DocesDeArouca.pt<\/figcaption>\n\t\t\t\t\t\t\t\t\t\t<\/figure>\n\t\t\t\t\t\t\t\t\t<\/div>\n\t\t\t\t<\/div>\n\t\t\t\t\t<\/div>\n\t\t<\/div>\n\t\t\t\t\t<\/div>\n\t\t<\/section>\n\t\t\t\t<section class=\"elementor-section elementor-top-section elementor-element elementor-element-e74b372 elementor-section-boxed elementor-section-height-default elementor-section-height-default\" data-id=\"e74b372\" data-element_type=\"section\" data-e-type=\"section\">\n\t\t\t\t\t\t<div class=\"elementor-container elementor-column-gap-default\">\n\t\t\t\t\t<div class=\"elementor-column elementor-col-100 elementor-top-column elementor-element elementor-element-638868c\" data-id=\"638868c\" data-element_type=\"column\" data-e-type=\"column\">\n\t\t\t<div class=\"elementor-widget-wrap elementor-element-populated\">\n\t\t\t\t\t\t<div class=\"elementor-element elementor-element-2bebcfb elementor-widget elementor-widget-text-editor\" data-id=\"2bebcfb\" data-element_type=\"widget\" data-e-type=\"widget\" data-widget_type=\"text-editor.default\">\n\t\t\t\t<div class=\"elementor-widget-container\">\n\t\t\t\t\t\t\t\t\t<p>Dans ce chapitre, \u00e0 Arouca, on peut commencer par la fin, en raison de l&rsquo;\u00e9norme notori\u00e9t\u00e9 de ses <strong>douceurs du couvent<\/strong>. H\u00e9ritage de l&rsquo;\u00e9poque o\u00f9 les religieuses habitaient encore le monast\u00e8re, vous ne pourrez pas r\u00e9sister aux ch\u00e2taignes, aux \u201cventres\u201d de religieuses, aux \u201ccigares\u201d aux amandes ou au boudin noir. Les vaches de race <em>Arouquesa<\/em> sont \u00e9lev\u00e9es en libert\u00e9 et paissent dans les montagnes, ce qui donne une saveur unique \u00e0 leur viande tendre. Le <strong>Veau<\/strong>ou les fameux <strong>steaks d&rsquo;Alvarenga<\/strong> sont des mets obligatoires, ainsi que l&rsquo;<strong>Agneau Gralheira<\/strong>, tout aussi d\u00e9licieux, au four \u00e0 bois. Le tout accompagn\u00e9 d&rsquo;un bon <strong>Vin Verde<\/strong> r\u00e9gional.<\/p>\n\t\t\t\t\t\t\t\t<\/div>\n\t\t\t\t<\/div>\n\t\t\t\t\t<\/div>\n\t\t<\/div>\n\t\t\t\t\t<\/div>\n\t\t<\/section>\n\t\t\t\t<section class=\"elementor-section elementor-top-section elementor-element elementor-element-ab29bee elementor-section-boxed elementor-section-height-default elementor-section-height-default\" data-id=\"ab29bee\" data-element_type=\"section\" data-e-type=\"section\">\n\t\t\t\t\t\t<div class=\"elementor-container elementor-column-gap-default\">\n\t\t\t\t\t<div class=\"elementor-column elementor-col-100 elementor-top-column elementor-element elementor-element-d860243\" data-id=\"d860243\" data-element_type=\"column\" data-e-type=\"column\">\n\t\t\t<div class=\"elementor-widget-wrap elementor-element-populated\">\n\t\t\t\t\t\t<div class=\"elementor-element elementor-element-503c691 elementor-widget elementor-widget-heading\" data-id=\"503c691\" data-element_type=\"widget\" data-e-type=\"widget\" data-widget_type=\"heading.default\">\n\t\t\t\t<div class=\"elementor-widget-container\">\n\t\t\t\t\t<h2 class=\"elementor-heading-title elementor-size-default\">Rivi\u00e8re et sports d\u2019aventure<\/h2>\t\t\t\t<\/div>\n\t\t\t\t<\/div>\n\t\t\t\t\t<\/div>\n\t\t<\/div>\n\t\t\t\t\t<\/div>\n\t\t<\/section>\n\t\t\t\t<section class=\"elementor-section elementor-top-section elementor-element elementor-element-c5e96c1 elementor-section-boxed elementor-section-height-default elementor-section-height-default\" data-id=\"c5e96c1\" data-element_type=\"section\" data-e-type=\"section\">\n\t\t\t\t\t\t<div class=\"elementor-container elementor-column-gap-default\">\n\t\t\t\t\t<div class=\"elementor-column elementor-col-50 elementor-top-column elementor-element elementor-element-67f17df\" data-id=\"67f17df\" data-element_type=\"column\" data-e-type=\"column\">\n\t\t\t<div class=\"elementor-widget-wrap elementor-element-populated\">\n\t\t\t\t\t\t<div class=\"elementor-element elementor-element-a6c4b0f elementor-widget elementor-widget-text-editor\" data-id=\"a6c4b0f\" data-element_type=\"widget\" data-e-type=\"widget\" data-widget_type=\"text-editor.default\">\n\t\t\t\t<div class=\"elementor-widget-container\">\n\t\t\t\t\t\t\t\t\t<p><strong><img decoding=\"async\" class=\"alignnone size-full wp-image-7565\" src=\"https:\/\/cimodavinha.pt\/wp-content\/uploads\/2021\/04\/leaf-icon.png\" alt=\"\" width=\"12\" height=\"12\" \/> Distance de <i>Cimo da Vinha<\/i>: <\/strong>plusieurs emplacements<strong><br \/><\/strong><\/p>\t\t\t\t\t\t\t\t<\/div>\n\t\t\t\t<\/div>\n\t\t\t\t\t<\/div>\n\t\t<\/div>\n\t\t\t\t<div class=\"elementor-column elementor-col-50 elementor-top-column elementor-element elementor-element-43f333e\" data-id=\"43f333e\" data-element_type=\"column\" data-e-type=\"column\">\n\t\t\t<div class=\"elementor-widget-wrap elementor-element-populated\">\n\t\t\t\t\t\t<div class=\"elementor-element elementor-element-1b7209d elementor-widget elementor-widget-text-editor\" data-id=\"1b7209d\" data-element_type=\"widget\" data-e-type=\"widget\" data-widget_type=\"text-editor.default\">\n\t\t\t\t<div class=\"elementor-widget-container\">\n\t\t\t\t\t\t\t\t\t<p><strong><img loading=\"lazy\" decoding=\"async\" class=\"alignnone size-full wp-image-7594\" src=\"https:\/\/cimodavinha.pt\/wp-content\/uploads\/2021\/04\/wheniconpng.png\" alt=\"\" width=\"12\" height=\"12\"> Toute l\u2019ann\u00e9e<\/strong><strong><br \/><\/strong><\/p>\n\t\t\t\t\t\t\t\t<\/div>\n\t\t\t\t<\/div>\n\t\t\t\t\t<\/div>\n\t\t<\/div>\n\t\t\t\t\t<\/div>\n\t\t<\/section>\n\t\t\t\t<section class=\"elementor-section elementor-top-section elementor-element elementor-element-8e35bb7 elementor-section-boxed elementor-section-height-default elementor-section-height-default\" data-id=\"8e35bb7\" data-element_type=\"section\" data-e-type=\"section\">\n\t\t\t\t\t\t<div class=\"elementor-container elementor-column-gap-default\">\n\t\t\t\t\t<div class=\"elementor-column elementor-col-100 elementor-top-column elementor-element elementor-element-148a7a0\" data-id=\"148a7a0\" data-element_type=\"column\" data-e-type=\"column\">\n\t\t\t<div class=\"elementor-widget-wrap elementor-element-populated\">\n\t\t\t\t\t\t<div class=\"elementor-element elementor-element-1beba5c elementor-widget elementor-widget-image\" data-id=\"1beba5c\" data-element_type=\"widget\" data-e-type=\"widget\" data-widget_type=\"image.default\">\n\t\t\t\t<div class=\"elementor-widget-container\">\n\t\t\t\t\t\t\t\t\t\t\t\t<figure class=\"wp-caption\">\n\t\t\t\t\t\t\t\t\t\t<img decoding=\"async\" src=\"https:\/\/cimodavinha.pt\/wp-content\/uploads\/2021\/04\/rafting.jpg\" title=\"Rafting no Rio Paiva\" alt=\"Rafting no Rio Paiva\" loading=\"lazy\" \/>\t\t\t\t\t\t\t\t\t\t\t<figcaption class=\"widget-image-caption wp-caption-text\">\u00a9 photo par Odisseias.com <\/figcaption>\n\t\t\t\t\t\t\t\t\t\t<\/figure>\n\t\t\t\t\t\t\t\t\t<\/div>\n\t\t\t\t<\/div>\n\t\t\t\t\t<\/div>\n\t\t<\/div>\n\t\t\t\t\t<\/div>\n\t\t<\/section>\n\t\t\t\t<section class=\"elementor-section elementor-top-section elementor-element elementor-element-cf60a4d elementor-section-boxed elementor-section-height-default elementor-section-height-default\" data-id=\"cf60a4d\" data-element_type=\"section\" data-e-type=\"section\">\n\t\t\t\t\t\t<div class=\"elementor-container elementor-column-gap-default\">\n\t\t\t\t\t<div class=\"elementor-column elementor-col-100 elementor-top-column elementor-element elementor-element-b20d90d\" data-id=\"b20d90d\" data-element_type=\"column\" data-e-type=\"column\">\n\t\t\t<div class=\"elementor-widget-wrap elementor-element-populated\">\n\t\t\t\t\t\t<div class=\"elementor-element elementor-element-155ead1 elementor-widget elementor-widget-text-editor\" data-id=\"155ead1\" data-element_type=\"widget\" data-e-type=\"widget\" data-widget_type=\"text-editor.default\">\n\t\t\t\t<div class=\"elementor-widget-container\">\n\t\t\t\t\t\t\t\t\t<p>Propri\u00e9taire d&rsquo;une g\u00e9ographie extr\u00eamement g\u00e9n\u00e9reuse, Arouca dispose d&rsquo;une panoplie de rivi\u00e8res avec de grandes facilit\u00e9s pour la pratique de plusieurs sports d&rsquo;aventure. La rivi\u00e8re Paiva, dans ses parcours d&rsquo;eau vive, est une destination internationale pour la pratique du <strong>Rafting<\/strong> et du <strong>Kayak.<\/strong> Le kayak est pratiqu\u00e9 en solo dans les rivi\u00e8res Paiv\u00f4 et Frades. Le <strong>Canyoning<\/strong>, lui, permet de nager, sauter, glisser et descendre en rappel les rivi\u00e8res, les cascades et les canyons escarp\u00e9s, avec pas moins de 9 circuits \u00e0 Arouca. Hors de l&rsquo;eau, le <strong>VTT<\/strong> et l&rsquo;<strong>Escalade<\/strong> sont les rois de la montagne.<\/p>\n\t\t\t\t\t\t\t\t<\/div>\n\t\t\t\t<\/div>\n\t\t\t\t\t<\/div>\n\t\t<\/div>\n\t\t\t\t\t<\/div>\n\t\t<\/section>\n\t\t\t\t<section class=\"elementor-section elementor-top-section elementor-element elementor-element-d8ec2c2 elementor-section-boxed elementor-section-height-default elementor-section-height-default\" data-id=\"d8ec2c2\" data-element_type=\"section\" data-e-type=\"section\">\n\t\t\t\t\t\t<div class=\"elementor-container elementor-column-gap-default\">\n\t\t\t\t\t<div class=\"elementor-column elementor-col-100 elementor-top-column elementor-element elementor-element-1eae2a2\" data-id=\"1eae2a2\" data-element_type=\"column\" data-e-type=\"column\">\n\t\t\t<div class=\"elementor-widget-wrap elementor-element-populated\">\n\t\t\t\t\t\t<div class=\"elementor-element elementor-element-7e98a68 elementor-widget-divider--view-line elementor-widget elementor-widget-divider\" data-id=\"7e98a68\" data-element_type=\"widget\" data-e-type=\"widget\" data-widget_type=\"divider.default\">\n\t\t\t\t<div class=\"elementor-widget-container\">\n\t\t\t\t\t\t\t<div class=\"elementor-divider\">\n\t\t\t<span class=\"elementor-divider-separator\">\n\t\t\t\t\t\t<\/span>\n\t\t<\/div>\n\t\t\t\t\t\t<\/div>\n\t\t\t\t<\/div>\n\t\t\t\t\t<\/div>\n\t\t<\/div>\n\t\t\t\t\t<\/div>\n\t\t<\/section>\n\t\t\t\t<section class=\"elementor-section elementor-top-section elementor-element elementor-element-6b4b147 elementor-section-boxed elementor-section-height-default elementor-section-height-default\" data-id=\"6b4b147\" data-element_type=\"section\" data-e-type=\"section\">\n\t\t\t\t\t\t<div class=\"elementor-container elementor-column-gap-default\">\n\t\t\t\t\t<div class=\"elementor-column elementor-col-100 elementor-top-column elementor-element elementor-element-05c7015\" data-id=\"05c7015\" data-element_type=\"column\" data-e-type=\"column\">\n\t\t\t<div class=\"elementor-widget-wrap elementor-element-populated\">\n\t\t\t\t\t\t<div class=\"elementor-element elementor-element-7e38a2c elementor-widget elementor-widget-image\" data-id=\"7e38a2c\" data-element_type=\"widget\" data-e-type=\"widget\" data-widget_type=\"image.default\">\n\t\t\t\t<div class=\"elementor-widget-container\">\n\t\t\t\t\t\t\t\t\t\t\t\t<figure class=\"wp-caption\">\n\t\t\t\t\t\t\t\t\t\t<img decoding=\"async\" src=\"https:\/\/cimodavinha.pt\/wp-content\/uploads\/2025\/02\/mapa-infografico-o-que-fazer-e-visitar-em-arouca-monumentos-atracoes-turisticas-passadicos-do-paiva-geopark-1-1.jpg\" title=\"mapa-infografico-o-que-fazer-e-visitar-em-arouca-monumentos-atracoes-turisticas-passadicos-do-paiva-geopark-1-1.jpg\" alt=\"mapa-infografico-o-que-fazer-e-visitar-em-arouca-monumentos-atracoes-turisticas-passadicos-do-paiva-geopark-1-1.jpg\" loading=\"lazy\" \/>\t\t\t\t\t\t\t\t\t\t\t<figcaption class=\"widget-image-caption wp-caption-text\">\u00a9 Cimo da Vinha 2025<\/figcaption>\n\t\t\t\t\t\t\t\t\t\t<\/figure>\n\t\t\t\t\t\t\t\t\t<\/div>\n\t\t\t\t<\/div>\n\t\t\t\t\t<\/div>\n\t\t<\/div>\n\t\t\t\t\t<\/div>\n\t\t<\/section>\n\t\t\t\t<section class=\"elementor-section elementor-top-section elementor-element elementor-element-3d32f86 elementor-section-boxed elementor-section-height-default elementor-section-height-default\" data-id=\"3d32f86\" data-element_type=\"section\" data-e-type=\"section\">\n\t\t\t\t\t\t<div class=\"elementor-container elementor-column-gap-default\">\n\t\t\t\t\t<div class=\"elementor-column elementor-col-100 elementor-top-column elementor-element elementor-element-024d7da\" data-id=\"024d7da\" data-element_type=\"column\" data-e-type=\"column\">\n\t\t\t<div class=\"elementor-widget-wrap elementor-element-populated\">\n\t\t\t\t\t\t<div class=\"elementor-element elementor-element-b22b419 elementor-widget-divider--view-line elementor-widget elementor-widget-divider\" data-id=\"b22b419\" data-element_type=\"widget\" data-e-type=\"widget\" data-widget_type=\"divider.default\">\n\t\t\t\t<div class=\"elementor-widget-container\">\n\t\t\t\t\t\t\t<div class=\"elementor-divider\">\n\t\t\t<span class=\"elementor-divider-separator\">\n\t\t\t\t\t\t<\/span>\n\t\t<\/div>\n\t\t\t\t\t\t<\/div>\n\t\t\t\t<\/div>\n\t\t\t\t\t<\/div>\n\t\t<\/div>\n\t\t\t\t\t<\/div>\n\t\t<\/section>\n\t\t\t\t<section class=\"elementor-section elementor-top-section elementor-element elementor-element-47365c9 elementor-section-boxed elementor-section-height-default elementor-section-height-default\" data-id=\"47365c9\" data-element_type=\"section\" data-e-type=\"section\">\n\t\t\t\t\t\t<div class=\"elementor-container elementor-column-gap-default\">\n\t\t\t\t\t<div class=\"elementor-column elementor-col-100 elementor-top-column elementor-element elementor-element-b27141d\" data-id=\"b27141d\" data-element_type=\"column\" data-e-type=\"column\">\n\t\t\t<div class=\"elementor-widget-wrap elementor-element-populated\">\n\t\t\t\t\t\t<div class=\"elementor-element elementor-element-2960ad8 elementor-widget elementor-widget-heading\" data-id=\"2960ad8\" data-element_type=\"widget\" data-e-type=\"widget\" data-widget_type=\"heading.default\">\n\t\t\t\t<div class=\"elementor-widget-container\">\n\t\t\t\t\t<h2 class=\"elementor-heading-title elementor-size-default\">\ud83d\udd06 Itin\u00e9raire d'une journ\u00e9e \u00e0 Arouca : Que visiter en 24 heures<\/h2>\t\t\t\t<\/div>\n\t\t\t\t<\/div>\n\t\t\t\t\t<\/div>\n\t\t<\/div>\n\t\t\t\t\t<\/div>\n\t\t<\/section>\n\t\t\t\t<section class=\"elementor-section elementor-top-section elementor-element elementor-element-5acb568 elementor-section-boxed elementor-section-height-default elementor-section-height-default\" data-id=\"5acb568\" data-element_type=\"section\" data-e-type=\"section\">\n\t\t\t\t\t\t<div class=\"elementor-container elementor-column-gap-default\">\n\t\t\t\t\t<div class=\"elementor-column elementor-col-100 elementor-top-column elementor-element elementor-element-64eed91\" data-id=\"64eed91\" data-element_type=\"column\" data-e-type=\"column\">\n\t\t\t<div class=\"elementor-widget-wrap elementor-element-populated\">\n\t\t\t\t\t\t<div class=\"elementor-element elementor-element-37ae803 elementor-widget elementor-widget-text-editor\" data-id=\"37ae803\" data-element_type=\"widget\" data-e-type=\"widget\" data-widget_type=\"text-editor.default\">\n\t\t\t\t<div class=\"elementor-widget-container\">\n\t\t\t\t\t\t\t\t\t<p>Si vous ne disposez que de 24 heures pour explorer Arouca, commencez la journ\u00e9e par une visite obligatoire des Passadi\u00e7os do Paiva et du Ponte 516 Arouca, l&rsquo;un des plus grands ponts suspendus du monde, qui offre une vue vertigineuse sur les gorges de la rivi\u00e8re Paiva. Profitez du reste de l&rsquo;apr\u00e8s-midi dans la nature et visitez certaines parties du g\u00e9oparc d&rsquo;Arouca (qui fait partie du r\u00e9seau UNESCO) et de la Serra da Freita. En fin d&rsquo;apr\u00e8s-midi, dirigez-vous vers le pittoresque centre historique o\u00f9 vous pourrez encore apercevoir le monast\u00e8re d&rsquo;Arouca, un monument important datant du XIIe si\u00e8cle. Arouca est c\u00e9l\u00e8bre pour sa gastronomie traditionnelle, alors terminez votre visite par un d\u00eener dans l&rsquo;un des nombreux restaurants typiques qui servent la c\u00e9l\u00e8bre Posta Arouquesa.<\/p>\t\t\t\t\t\t\t\t<\/div>\n\t\t\t\t<\/div>\n\t\t\t\t\t<\/div>\n\t\t<\/div>\n\t\t\t\t\t<\/div>\n\t\t<\/section>\n\t\t\t\t<section class=\"elementor-section elementor-top-section elementor-element elementor-element-b37792e elementor-section-boxed elementor-section-height-default elementor-section-height-default\" data-id=\"b37792e\" data-element_type=\"section\" data-e-type=\"section\">\n\t\t\t\t\t\t<div class=\"elementor-container elementor-column-gap-default\">\n\t\t\t\t\t<div class=\"elementor-column elementor-col-100 elementor-top-column elementor-element elementor-element-821965d\" data-id=\"821965d\" data-element_type=\"column\" data-e-type=\"column\">\n\t\t\t<div class=\"elementor-widget-wrap elementor-element-populated\">\n\t\t\t\t\t\t<div class=\"elementor-element elementor-element-90b8ea6 elementor-widget elementor-widget-heading\" data-id=\"90b8ea6\" data-element_type=\"widget\" data-e-type=\"widget\" data-widget_type=\"heading.default\">\n\t\t\t\t<div class=\"elementor-widget-container\">\n\t\t\t\t\t<h2 class=\"elementor-heading-title elementor-size-default\">\ud83d\ude8c Comment se rendre \u00e0 Arouca : Transport et acc\u00e8s<\/h2>\t\t\t\t<\/div>\n\t\t\t\t<\/div>\n\t\t\t\t\t<\/div>\n\t\t<\/div>\n\t\t\t\t\t<\/div>\n\t\t<\/section>\n\t\t\t\t<section class=\"elementor-section elementor-top-section elementor-element elementor-element-890e75a elementor-section-boxed elementor-section-height-default elementor-section-height-default\" data-id=\"890e75a\" data-element_type=\"section\" data-e-type=\"section\">\n\t\t\t\t\t\t<div class=\"elementor-container elementor-column-gap-default\">\n\t\t\t\t\t<div class=\"elementor-column elementor-col-100 elementor-top-column elementor-element elementor-element-b090d66\" data-id=\"b090d66\" data-element_type=\"column\" data-e-type=\"column\">\n\t\t\t<div class=\"elementor-widget-wrap elementor-element-populated\">\n\t\t\t\t\t\t<div class=\"elementor-element elementor-element-4e6750f elementor-widget elementor-widget-text-editor\" data-id=\"4e6750f\" data-element_type=\"widget\" data-e-type=\"widget\" data-widget_type=\"text-editor.default\">\n\t\t\t\t<div class=\"elementor-widget-container\">\n\t\t\t\t\t\t\t\t\t<p>Arouca est bien reli\u00e9e \u00e0 plusieurs villes du nord du Portugal et est facilement accessible en voiture. Pour ceux qui viennent de Porto, le trajet dure environ 1 heure et 15 minutes via l&rsquo;A32, un itin\u00e9raire confortable et direct. Il est \u00e9galement possible de rejoindre Arouca en transports en commun, avec des bus partant de plusieurs villes de la r\u00e9gion, dont Porto. Si vous pr\u00e9f\u00e9rez, vous pouvez opter pour un service de taxi ou de transport priv\u00e9, surtout si vous voyagez en groupe. Pour ceux qui n&rsquo;ont pas de voiture, il existe \u00e9galement la possibilit\u00e9 de prendre un bus pour rejoindre les villes voisines, puis de prendre un taxi jusqu&rsquo;au centre d&rsquo;Arouca.<\/p><p>Pour ceux qui viennent de Lisbonne, Arouca est \u00e0 environ 3 heures de route. La meilleure option est de prendre l&rsquo;A1 jusqu&rsquo;\u00e0 Coimbra, puis de prendre l&rsquo;A25 en direction de Viseu, en suivant les indications pour Arouca.<\/p>\t\t\t\t\t\t\t\t<\/div>\n\t\t\t\t<\/div>\n\t\t\t\t\t<\/div>\n\t\t<\/div>\n\t\t\t\t\t<\/div>\n\t\t<\/section>\n\t\t\t\t<section class=\"elementor-section elementor-top-section elementor-element elementor-element-1fdeab9 elementor-section-boxed elementor-section-height-default elementor-section-height-default\" data-id=\"1fdeab9\" data-element_type=\"section\" data-e-type=\"section\">\n\t\t\t\t\t\t<div class=\"elementor-container elementor-column-gap-default\">\n\t\t\t\t\t<div class=\"elementor-column elementor-col-100 elementor-top-column elementor-element elementor-element-8179a2d\" data-id=\"8179a2d\" data-element_type=\"column\" data-e-type=\"column\">\n\t\t\t<div class=\"elementor-widget-wrap elementor-element-populated\">\n\t\t\t\t\t\t<div class=\"elementor-element elementor-element-95b016a elementor-widget elementor-widget-text-editor\" data-id=\"95b016a\" data-element_type=\"widget\" data-e-type=\"widget\" data-widget_type=\"text-editor.default\">\n\t\t\t\t<div class=\"elementor-widget-container\">\n\t\t\t\t\t\t\t\t\t<p><em> <span style=\"color: #999999;\"> Image de Couverture<\/span> <span style=\"color: #999999;\">\u00a9 Agroportal.pt<\/span><\/em><\/p>\n\t\t\t\t\t\t\t\t<\/div>\n\t\t\t\t<\/div>\n\t\t\t\t<div class=\"elementor-element elementor-element-d2b462e elementor-widget elementor-widget-html\" data-id=\"d2b462e\" data-element_type=\"widget\" data-e-type=\"widget\" data-widget_type=\"html.default\">\n\t\t\t\t<div class=\"elementor-widget-container\">\n\t\t\t\t\t<script type=\"application\/ld+json\">\r\n{\r\n  \"@context\": \"https:\/\/schema.org\/\",\r\n  \"@type\": \"Article\",\r\n  \"mainEntityOfPage\": {\r\n    \"@type\": \"WebPage\",\r\n    \"@id\": \"https:\/\/cimodavinha.pt\/fr\/que-faire-et-que-visiter-a-arouca\/\"\r\n  },\r\n  \"headline\": \"Que faire et que visiter \u00e0 Arouca\",\r\n  \"image\": {\r\n    \"@type\": \"ImageObject\",\r\n    \"url\": \"\",\r\n    \"width\": \"\",\r\n    \"height\": \"\"\r\n  },\r\n  \"author\": {\r\n    \"@type\": \"Organization\",\r\n    \"name\": \"Cimo da Vinha - Nature Spot\"\r\n  },\r\n  \"publisher\": {\r\n    \"@type\": \"Organization\",\r\n    \"name\": \"\",\r\n    \"logo\": {\r\n      \"@type\": \"ImageObject\",\r\n      \"url\": \"\",\r\n      \"width\": \"\",\r\n      \"height\": \"\"\r\n    }\r\n  },\r\n  \"datePublished\": \"\",\r\n  \"dateModified\": \"2025-02-09\"\r\n}\r\n<\/script>\t\t\t\t<\/div>\n\t\t\t\t<\/div>\n\t\t\t\t\t<\/div>\n\t\t<\/div>\n\t\t\t\t\t<\/div>\n\t\t<\/section>\n\t\t\t\t<section class=\"elementor-section elementor-top-section elementor-element elementor-element-2fe1b38 elementor-section-boxed elementor-section-height-default elementor-section-height-default\" data-id=\"2fe1b38\" data-element_type=\"section\" data-e-type=\"section\">\n\t\t\t\t\t\t<div class=\"elementor-container elementor-column-gap-default\">\n\t\t\t\t\t<div class=\"elementor-column elementor-col-100 elementor-top-column elementor-element elementor-element-ea849eb\" data-id=\"ea849eb\" data-element_type=\"column\" data-e-type=\"column\">\n\t\t\t<div class=\"elementor-widget-wrap elementor-element-populated\">\n\t\t\t\t\t\t<div class=\"elementor-element elementor-element-0b8da9a elementor-widget elementor-widget-text-editor\" data-id=\"0b8da9a\" data-element_type=\"widget\" data-e-type=\"widget\" data-widget_type=\"text-editor.default\">\n\t\t\t\t<div class=\"elementor-widget-container\">\n\t\t\t\t\t\t\t\t\t<p><strong><img decoding=\"async\" class=\"alignnone size-full wp-image-7565\" src=\"https:\/\/cimodavinha.pt\/wp-content\/uploads\/2021\/04\/leaf-icon.png\" alt=\"\" width=\"12\" height=\"12\"> A PROPOS DE L&rsquo;AUTEUR<\/strong><\/p>\n<p><em>Cimo da Vinha<\/em> est un resort de tourisme naturel situ\u00e9 \u00e0 Castelo de Paiva, entre les rivi\u00e8res Paiva et Douro. Son \u00e9quipe est enti\u00e8rement compos\u00e9e de travailleurs locaux poss\u00e9dant une connaissance approfondie de la g\u00e9ographie r\u00e9gionale et de ses traditions. Cette compr\u00e9hension du territoire est au service non seulement de nos h\u00f4tes mais aussi de ce Blog.<\/p>\t\t\t\t\t\t\t\t<\/div>\n\t\t\t\t<\/div>\n\t\t\t\t\t<\/div>\n\t\t<\/div>\n\t\t\t\t\t<\/div>\n\t\t<\/section>\n\t\t\t\t<\/div>\n\t\t","protected":false},"excerpt":{"rendered":"<p> derni\u00e8re mise \u00e0 jour: 09\/02\/2025<br \/>\nSon territoire commen\u00e7ant \u00e0 quelques kilom\u00e8tres de Cimo da Vinha, , la municipalit\u00e9 d&rsquo;Arouca a plus d&rsquo;arguments qu&rsquo;il n&rsquo;en faut pour justifier votre visite : de la montagne Freita, de ses collines idylliques, \u00e0 l&rsquo;immensit\u00e9 de la rivi\u00e8re (avec des ph\u00e9nom\u00e8nes g\u00e9ologiques d&rsquo;int\u00e9r\u00eat international, comme les pierres de reproduction) <\/p>\n","protected":false},"author":189882525,"featured_media":7900,"comment_status":"closed","ping_status":"open","sticky":false,"template":"","format":"standard","meta":{"_jetpack_memberships_contains_paid_content":false,"footnotes":""},"categories":[1605],"tags":[],"class_list":["post-8598","post","type-post","status-publish","format-standard","has-post-thumbnail","hentry","category-region"],"yoast_head":"<!-- This site is optimized with the Yoast SEO plugin v27.5 - https:\/\/yoast.com\/product\/yoast-seo-wordpress\/ -->\n<title>Que faire et que visiter \u00e0 Arouca - Cimo da Vinha<\/title>\n<meta name=\"description\" content=\"Son territoire commen\u00e7ant \u00e0 quelques kilom\u00e8tres de Cimo da Vinha, , la municipalit\u00e9 d\u2019Arouca a plus d\u2019arguments qu\u2019il n\u2019en faut pour justifier votre visite : de la montagne Freita, de ses collines idylliques, \u00e0 l\u2019immensit\u00e9 de la rivi\u00e8re (avec des ph\u00e9nom\u00e8nes g\u00e9ologiques d\u2019int\u00e9r\u00eat international, comme les pierres de reproduction) en passant par les villages de montagne, les sports d\u2019aventure, le patrimoine historique et une gastronomie irr\u00e9sistible.\" \/>\n<meta name=\"robots\" content=\"index, follow, max-snippet:-1, max-image-preview:large, max-video-preview:-1\" \/>\n<link rel=\"canonical\" href=\"https:\/\/cimodavinha.pt\/fr\/que-faire-et-que-visiter-a-arouca\/\" \/>\n<meta property=\"og:locale\" content=\"fr_FR\" \/>\n<meta property=\"og:type\" content=\"article\" \/>\n<meta property=\"og:title\" content=\"Que faire et que visiter \u00e0 Arouca - Cimo da Vinha\" \/>\n<meta property=\"og:description\" content=\"Son territoire commen\u00e7ant \u00e0 quelques kilom\u00e8tres de Cimo da Vinha, , la municipalit\u00e9 d\u2019Arouca a plus d\u2019arguments qu\u2019il n\u2019en faut pour justifier votre visite : de la montagne Freita, de ses collines idylliques, \u00e0 l\u2019immensit\u00e9 de la rivi\u00e8re (avec des ph\u00e9nom\u00e8nes g\u00e9ologiques d\u2019int\u00e9r\u00eat international, comme les pierres de reproduction) en passant par les villages de montagne, les sports d\u2019aventure, le patrimoine historique et une gastronomie irr\u00e9sistible.\" \/>\n<meta property=\"og:url\" content=\"https:\/\/cimodavinha.pt\/fr\/que-faire-et-que-visiter-a-arouca\/\" \/>\n<meta property=\"og:site_name\" content=\"Cimo da Vinha\" \/>\n<meta property=\"article:published_time\" content=\"2021-03-23T15:24:57+00:00\" \/>\n<meta property=\"article:modified_time\" content=\"2025-02-20T15:03:22+00:00\" \/>\n<meta property=\"og:image\" content=\"https:\/\/cimodavinha.pt\/wp-content\/uploads\/2021\/04\/ponte516.jpg\" \/>\n\t<meta property=\"og:image:width\" content=\"758\" \/>\n\t<meta property=\"og:image:height\" content=\"359\" \/>\n\t<meta property=\"og:image:type\" content=\"image\/jpeg\" \/>\n<meta name=\"author\" content=\"Cimo da Vinha\" \/>\n<meta name=\"twitter:card\" content=\"summary_large_image\" \/>\n<meta name=\"twitter:label1\" content=\"\u00c9crit par\" \/>\n\t<meta name=\"twitter:data1\" content=\"Cimo da Vinha\" \/>\n\t<meta name=\"twitter:label2\" content=\"Dur\u00e9e de lecture estim\u00e9e\" \/>\n\t<meta name=\"twitter:data2\" content=\"15 minutes\" \/>\n<script type=\"application\/ld+json\" class=\"yoast-schema-graph\">{\"@context\":\"https:\\\/\\\/schema.org\",\"@graph\":[{\"@type\":\"Article\",\"@id\":\"https:\\\/\\\/cimodavinha.pt\\\/fr\\\/que-faire-et-que-visiter-a-arouca\\\/#article\",\"isPartOf\":{\"@id\":\"https:\\\/\\\/cimodavinha.pt\\\/en\\\/what-to-do-and-visit-in-arouca\\\/\"},\"author\":{\"name\":\"Cimo da Vinha\",\"@id\":\"https:\\\/\\\/cimodavinha.pt\\\/en\\\/#\\\/schema\\\/person\\\/02d3b102d9258c774473556a94b21aac\"},\"headline\":\"Que faire et que visiter \u00e0 Arouca\",\"datePublished\":\"2021-03-23T15:24:57+00:00\",\"dateModified\":\"2025-02-20T15:03:22+00:00\",\"mainEntityOfPage\":{\"@id\":\"https:\\\/\\\/cimodavinha.pt\\\/en\\\/what-to-do-and-visit-in-arouca\\\/\"},\"wordCount\":1892,\"image\":{\"@id\":\"https:\\\/\\\/cimodavinha.pt\\\/fr\\\/que-faire-et-que-visiter-a-arouca\\\/#primaryimage\"},\"thumbnailUrl\":\"https:\\\/\\\/cimodavinha.pt\\\/wp-content\\\/uploads\\\/2021\\\/04\\\/aroucabanner.jpg\",\"articleSection\":[\"R\u00e9gion\"],\"inLanguage\":\"fr-FR\"},{\"@type\":\"WebPage\",\"@id\":\"https:\\\/\\\/cimodavinha.pt\\\/en\\\/what-to-do-and-visit-in-arouca\\\/\",\"url\":\"https:\\\/\\\/cimodavinha.pt\\\/fr\\\/que-faire-et-que-visiter-a-arouca\\\/\",\"name\":\"Que faire et que visiter \u00e0 Arouca - Cimo da Vinha\",\"isPartOf\":{\"@id\":\"https:\\\/\\\/cimodavinha.pt\\\/en\\\/#website\"},\"primaryImageOfPage\":{\"@id\":\"https:\\\/\\\/cimodavinha.pt\\\/fr\\\/que-faire-et-que-visiter-a-arouca\\\/#primaryimage\"},\"image\":{\"@id\":\"https:\\\/\\\/cimodavinha.pt\\\/fr\\\/que-faire-et-que-visiter-a-arouca\\\/#primaryimage\"},\"thumbnailUrl\":\"https:\\\/\\\/cimodavinha.pt\\\/wp-content\\\/uploads\\\/2021\\\/04\\\/aroucabanner.jpg\",\"datePublished\":\"2021-03-23T15:24:57+00:00\",\"dateModified\":\"2025-02-20T15:03:22+00:00\",\"author\":{\"@id\":\"https:\\\/\\\/cimodavinha.pt\\\/en\\\/#\\\/schema\\\/person\\\/02d3b102d9258c774473556a94b21aac\"},\"description\":\"Son territoire commen\u00e7ant \u00e0 quelques kilom\u00e8tres de Cimo da Vinha, , la municipalit\u00e9 d\u2019Arouca a plus d\u2019arguments qu\u2019il n\u2019en faut pour justifier votre visite : de la montagne Freita, de ses collines idylliques, \u00e0 l\u2019immensit\u00e9 de la rivi\u00e8re (avec des ph\u00e9nom\u00e8nes g\u00e9ologiques d\u2019int\u00e9r\u00eat international, comme les pierres de reproduction) en passant par les villages de montagne, les sports d\u2019aventure, le patrimoine historique et une gastronomie irr\u00e9sistible.\",\"breadcrumb\":{\"@id\":\"https:\\\/\\\/cimodavinha.pt\\\/fr\\\/que-faire-et-que-visiter-a-arouca\\\/#breadcrumb\"},\"inLanguage\":\"fr-FR\",\"potentialAction\":[{\"@type\":\"ReadAction\",\"target\":[\"https:\\\/\\\/cimodavinha.pt\\\/fr\\\/que-faire-et-que-visiter-a-arouca\\\/\"]}]},{\"@type\":\"ImageObject\",\"inLanguage\":\"fr-FR\",\"@id\":\"https:\\\/\\\/cimodavinha.pt\\\/fr\\\/que-faire-et-que-visiter-a-arouca\\\/#primaryimage\",\"url\":\"https:\\\/\\\/cimodavinha.pt\\\/wp-content\\\/uploads\\\/2021\\\/04\\\/aroucabanner.jpg\",\"contentUrl\":\"https:\\\/\\\/cimodavinha.pt\\\/wp-content\\\/uploads\\\/2021\\\/04\\\/aroucabanner.jpg\",\"width\":1000,\"height\":440},{\"@type\":\"BreadcrumbList\",\"@id\":\"https:\\\/\\\/cimodavinha.pt\\\/fr\\\/que-faire-et-que-visiter-a-arouca\\\/#breadcrumb\",\"itemListElement\":[{\"@type\":\"ListItem\",\"position\":1,\"name\":\"In\u00edcio\",\"item\":\"https:\\\/\\\/cimodavinha.pt\\\/en\\\/\"},{\"@type\":\"ListItem\",\"position\":2,\"name\":\"Que faire et que visiter \u00e0 Arouca\"}]},{\"@type\":\"WebSite\",\"@id\":\"https:\\\/\\\/cimodavinha.pt\\\/en\\\/#website\",\"url\":\"https:\\\/\\\/cimodavinha.pt\\\/en\\\/\",\"name\":\"Cimo da Vinha\",\"description\":\"\u00c0 deux pas du Douro et du Paiva\",\"potentialAction\":[{\"@type\":\"SearchAction\",\"target\":{\"@type\":\"EntryPoint\",\"urlTemplate\":\"https:\\\/\\\/cimodavinha.pt\\\/en\\\/?s={search_term_string}\"},\"query-input\":{\"@type\":\"PropertyValueSpecification\",\"valueRequired\":true,\"valueName\":\"search_term_string\"}}],\"inLanguage\":\"fr-FR\"},{\"@type\":\"Person\",\"@id\":\"https:\\\/\\\/cimodavinha.pt\\\/en\\\/#\\\/schema\\\/person\\\/02d3b102d9258c774473556a94b21aac\",\"name\":\"Cimo da Vinha\",\"sameAs\":[\"http:\\\/\\\/cimodavinha.com\"],\"url\":\"https:\\\/\\\/cimodavinha.pt\\\/fr\\\/author\\\/cimavinha\\\/\"}]}<\/script>\n<!-- \/ Yoast SEO plugin. -->","yoast_head_json":{"title":"Que faire et que visiter \u00e0 Arouca - Cimo da Vinha","description":"Son territoire commen\u00e7ant \u00e0 quelques kilom\u00e8tres de Cimo da Vinha, , la municipalit\u00e9 d\u2019Arouca a plus d\u2019arguments qu\u2019il n\u2019en faut pour justifier votre visite : de la montagne Freita, de ses collines idylliques, \u00e0 l\u2019immensit\u00e9 de la rivi\u00e8re (avec des ph\u00e9nom\u00e8nes g\u00e9ologiques d\u2019int\u00e9r\u00eat international, comme les pierres de reproduction) en passant par les villages de montagne, les sports d\u2019aventure, le patrimoine historique et une gastronomie irr\u00e9sistible.","robots":{"index":"index","follow":"follow","max-snippet":"max-snippet:-1","max-image-preview":"max-image-preview:large","max-video-preview":"max-video-preview:-1"},"canonical":"https:\/\/cimodavinha.pt\/fr\/que-faire-et-que-visiter-a-arouca\/","og_locale":"fr_FR","og_type":"article","og_title":"Que faire et que visiter \u00e0 Arouca - Cimo da Vinha","og_description":"Son territoire commen\u00e7ant \u00e0 quelques kilom\u00e8tres de Cimo da Vinha, , la municipalit\u00e9 d\u2019Arouca a plus d\u2019arguments qu\u2019il n\u2019en faut pour justifier votre visite : de la montagne Freita, de ses collines idylliques, \u00e0 l\u2019immensit\u00e9 de la rivi\u00e8re (avec des ph\u00e9nom\u00e8nes g\u00e9ologiques d\u2019int\u00e9r\u00eat international, comme les pierres de reproduction) en passant par les villages de montagne, les sports d\u2019aventure, le patrimoine historique et une gastronomie irr\u00e9sistible.","og_url":"https:\/\/cimodavinha.pt\/fr\/que-faire-et-que-visiter-a-arouca\/","og_site_name":"Cimo da Vinha","article_published_time":"2021-03-23T15:24:57+00:00","article_modified_time":"2025-02-20T15:03:22+00:00","og_image":[{"width":758,"height":359,"url":"https:\/\/cimodavinha.pt\/wp-content\/uploads\/2021\/04\/ponte516.jpg","type":"image\/jpeg"}],"author":"Cimo da Vinha","twitter_card":"summary_large_image","twitter_misc":{"\u00c9crit par":"Cimo da Vinha","Dur\u00e9e de lecture estim\u00e9e":"15 minutes"},"schema":{"@context":"https:\/\/schema.org","@graph":[{"@type":"Article","@id":"https:\/\/cimodavinha.pt\/fr\/que-faire-et-que-visiter-a-arouca\/#article","isPartOf":{"@id":"https:\/\/cimodavinha.pt\/en\/what-to-do-and-visit-in-arouca\/"},"author":{"name":"Cimo da Vinha","@id":"https:\/\/cimodavinha.pt\/en\/#\/schema\/person\/02d3b102d9258c774473556a94b21aac"},"headline":"Que faire et que visiter \u00e0 Arouca","datePublished":"2021-03-23T15:24:57+00:00","dateModified":"2025-02-20T15:03:22+00:00","mainEntityOfPage":{"@id":"https:\/\/cimodavinha.pt\/en\/what-to-do-and-visit-in-arouca\/"},"wordCount":1892,"image":{"@id":"https:\/\/cimodavinha.pt\/fr\/que-faire-et-que-visiter-a-arouca\/#primaryimage"},"thumbnailUrl":"https:\/\/cimodavinha.pt\/wp-content\/uploads\/2021\/04\/aroucabanner.jpg","articleSection":["R\u00e9gion"],"inLanguage":"fr-FR"},{"@type":"WebPage","@id":"https:\/\/cimodavinha.pt\/en\/what-to-do-and-visit-in-arouca\/","url":"https:\/\/cimodavinha.pt\/fr\/que-faire-et-que-visiter-a-arouca\/","name":"Que faire et que visiter \u00e0 Arouca - Cimo da Vinha","isPartOf":{"@id":"https:\/\/cimodavinha.pt\/en\/#website"},"primaryImageOfPage":{"@id":"https:\/\/cimodavinha.pt\/fr\/que-faire-et-que-visiter-a-arouca\/#primaryimage"},"image":{"@id":"https:\/\/cimodavinha.pt\/fr\/que-faire-et-que-visiter-a-arouca\/#primaryimage"},"thumbnailUrl":"https:\/\/cimodavinha.pt\/wp-content\/uploads\/2021\/04\/aroucabanner.jpg","datePublished":"2021-03-23T15:24:57+00:00","dateModified":"2025-02-20T15:03:22+00:00","author":{"@id":"https:\/\/cimodavinha.pt\/en\/#\/schema\/person\/02d3b102d9258c774473556a94b21aac"},"description":"Son territoire commen\u00e7ant \u00e0 quelques kilom\u00e8tres de Cimo da Vinha, , la municipalit\u00e9 d\u2019Arouca a plus d\u2019arguments qu\u2019il n\u2019en faut pour justifier votre visite : de la montagne Freita, de ses collines idylliques, \u00e0 l\u2019immensit\u00e9 de la rivi\u00e8re (avec des ph\u00e9nom\u00e8nes g\u00e9ologiques d\u2019int\u00e9r\u00eat international, comme les pierres de reproduction) en passant par les villages de montagne, les sports d\u2019aventure, le patrimoine historique et une gastronomie irr\u00e9sistible.","breadcrumb":{"@id":"https:\/\/cimodavinha.pt\/fr\/que-faire-et-que-visiter-a-arouca\/#breadcrumb"},"inLanguage":"fr-FR","potentialAction":[{"@type":"ReadAction","target":["https:\/\/cimodavinha.pt\/fr\/que-faire-et-que-visiter-a-arouca\/"]}]},{"@type":"ImageObject","inLanguage":"fr-FR","@id":"https:\/\/cimodavinha.pt\/fr\/que-faire-et-que-visiter-a-arouca\/#primaryimage","url":"https:\/\/cimodavinha.pt\/wp-content\/uploads\/2021\/04\/aroucabanner.jpg","contentUrl":"https:\/\/cimodavinha.pt\/wp-content\/uploads\/2021\/04\/aroucabanner.jpg","width":1000,"height":440},{"@type":"BreadcrumbList","@id":"https:\/\/cimodavinha.pt\/fr\/que-faire-et-que-visiter-a-arouca\/#breadcrumb","itemListElement":[{"@type":"ListItem","position":1,"name":"In\u00edcio","item":"https:\/\/cimodavinha.pt\/en\/"},{"@type":"ListItem","position":2,"name":"Que faire et que visiter \u00e0 Arouca"}]},{"@type":"WebSite","@id":"https:\/\/cimodavinha.pt\/en\/#website","url":"https:\/\/cimodavinha.pt\/en\/","name":"Cimo da Vinha","description":"\u00c0 deux pas du Douro et du Paiva","potentialAction":[{"@type":"SearchAction","target":{"@type":"EntryPoint","urlTemplate":"https:\/\/cimodavinha.pt\/en\/?s={search_term_string}"},"query-input":{"@type":"PropertyValueSpecification","valueRequired":true,"valueName":"search_term_string"}}],"inLanguage":"fr-FR"},{"@type":"Person","@id":"https:\/\/cimodavinha.pt\/en\/#\/schema\/person\/02d3b102d9258c774473556a94b21aac","name":"Cimo da Vinha","sameAs":["http:\/\/cimodavinha.com"],"url":"https:\/\/cimodavinha.pt\/fr\/author\/cimavinha\/"}]}},"jetpack_featured_media_url":"https:\/\/cimodavinha.pt\/wp-content\/uploads\/2021\/04\/aroucabanner.jpg","jetpack_likes_enabled":false,"jetpack_sharing_enabled":true,"jetpack_shortlink":"https:\/\/wp.me\/pccy88-2eG","_links":{"self":[{"href":"https:\/\/cimodavinha.pt\/fr\/wp-json\/wp\/v2\/posts\/8598","targetHints":{"allow":["GET"]}}],"collection":[{"href":"https:\/\/cimodavinha.pt\/fr\/wp-json\/wp\/v2\/posts"}],"about":[{"href":"https:\/\/cimodavinha.pt\/fr\/wp-json\/wp\/v2\/types\/post"}],"author":[{"embeddable":true,"href":"https:\/\/cimodavinha.pt\/fr\/wp-json\/wp\/v2\/users\/189882525"}],"replies":[{"embeddable":true,"href":"https:\/\/cimodavinha.pt\/fr\/wp-json\/wp\/v2\/comments?post=8598"}],"version-history":[{"count":46,"href":"https:\/\/cimodavinha.pt\/fr\/wp-json\/wp\/v2\/posts\/8598\/revisions"}],"predecessor-version":[{"id":65424,"href":"https:\/\/cimodavinha.pt\/fr\/wp-json\/wp\/v2\/posts\/8598\/revisions\/65424"}],"wp:featuredmedia":[{"embeddable":true,"href":"https:\/\/cimodavinha.pt\/fr\/wp-json\/wp\/v2\/media\/7900"}],"wp:attachment":[{"href":"https:\/\/cimodavinha.pt\/fr\/wp-json\/wp\/v2\/media?parent=8598"}],"wp:term":[{"taxonomy":"category","embeddable":true,"href":"https:\/\/cimodavinha.pt\/fr\/wp-json\/wp\/v2\/categories?post=8598"},{"taxonomy":"post_tag","embeddable":true,"href":"https:\/\/cimodavinha.pt\/fr\/wp-json\/wp\/v2\/tags?post=8598"}],"curies":[{"name":"wp","href":"https:\/\/api.w.org\/{rel}","templated":true}]}}