{"id":59331,"date":"2025-02-10T17:57:11","date_gmt":"2025-02-10T17:57:11","guid":{"rendered":"https:\/\/cimodavinha.pt\/estrada-nacional-222-2\/"},"modified":"2026-08-10T17:01:44","modified_gmt":"2026-08-10T16:01:44","slug":"estrada-nacional-222","status":"publish","type":"post","link":"https:\/\/cimodavinha.pt\/fr\/estrada-nacional-222\/","title":{"rendered":"Route Nationale 222 &#8211; Guide et itin\u00e9raire complet"},"content":{"rendered":"\t\t<div data-elementor-type=\"wp-post\" data-elementor-id=\"59331\" class=\"elementor elementor-59331 elementor-58182\">\n\t\t\t\t\t\t<section class=\"elementor-section elementor-top-section elementor-element elementor-element-789f8df elementor-section-boxed elementor-section-height-default elementor-section-height-default\" data-id=\"789f8df\" data-element_type=\"section\" data-e-type=\"section\">\n\t\t\t\t\t\t<div class=\"elementor-container elementor-column-gap-default\">\n\t\t\t\t\t<div class=\"elementor-column elementor-col-100 elementor-top-column elementor-element elementor-element-a0080d2\" data-id=\"a0080d2\" data-element_type=\"column\" data-e-type=\"column\">\n\t\t\t<div class=\"elementor-widget-wrap elementor-element-populated\">\n\t\t\t\t\t\t<div class=\"elementor-element elementor-element-042933e elementor-widget elementor-widget-text-editor\" data-id=\"042933e\" data-element_type=\"widget\" data-e-type=\"widget\" data-widget_type=\"text-editor.default\">\n\t\t\t\t<div class=\"elementor-widget-container\">\n\t\t\t\t\t\t\t\t\t<p><span style=\"color: #b19261;\">derni\u00e8re mise \u00e0 jour: 09\/08\/2026<\/span><\/p>\t\t\t\t\t\t\t\t<\/div>\n\t\t\t\t<\/div>\n\t\t\t\t\t<\/div>\n\t\t<\/div>\n\t\t\t\t\t<\/div>\n\t\t<\/section>\n\t\t\t\t<section class=\"elementor-section elementor-top-section elementor-element elementor-element-c9adce1 elementor-section-boxed elementor-section-height-default elementor-section-height-default\" data-id=\"c9adce1\" data-element_type=\"section\" data-e-type=\"section\">\n\t\t\t\t\t\t<div class=\"elementor-container elementor-column-gap-default\">\n\t\t\t\t\t<div class=\"elementor-column elementor-col-100 elementor-top-column elementor-element elementor-element-3f10ea4\" data-id=\"3f10ea4\" data-element_type=\"column\" data-e-type=\"column\">\n\t\t\t<div class=\"elementor-widget-wrap elementor-element-populated\">\n\t\t\t\t\t\t<div class=\"elementor-element elementor-element-c3ba816 elementor-widget elementor-widget-heading\" data-id=\"c3ba816\" data-element_type=\"widget\" data-e-type=\"widget\" data-widget_type=\"heading.default\">\n\t\t\t\t<div class=\"elementor-widget-container\">\n\t\t\t\t\t<h1 class=\"elementor-heading-title elementor-size-medium\">Route Nationale 222 (EN222) | Guide et itin\u00e9raire complet<\/h1>\t\t\t\t<\/div>\n\t\t\t\t<\/div>\n\t\t\t\t\t<\/div>\n\t\t<\/div>\n\t\t\t\t\t<\/div>\n\t\t<\/section>\n\t\t\t\t<section class=\"elementor-section elementor-top-section elementor-element elementor-element-f2eff1f elementor-section-boxed elementor-section-height-default elementor-section-height-default\" data-id=\"f2eff1f\" data-element_type=\"section\" data-e-type=\"section\">\n\t\t\t\t\t\t<div class=\"elementor-container elementor-column-gap-default\">\n\t\t\t\t\t<div class=\"elementor-column elementor-col-100 elementor-top-column elementor-element elementor-element-e29b580\" data-id=\"e29b580\" data-element_type=\"column\" data-e-type=\"column\">\n\t\t\t<div class=\"elementor-widget-wrap elementor-element-populated\">\n\t\t\t\t\t\t<div class=\"elementor-element elementor-element-72d1fb9 elementor-widget elementor-widget-text-editor\" data-id=\"72d1fb9\" data-element_type=\"widget\" data-e-type=\"widget\" data-widget_type=\"text-editor.default\">\n\t\t\t\t<div class=\"elementor-widget-container\">\n\t\t\t\t\t\t\t\t\t<p>La N222 traverse la municipalit\u00e9 de Castelo de Paiva et se trouve \u00e0 seulement 9 km de <strong>Cimo da Vinha \u2013 Nature Spot<\/strong>, ce circuit pourrait donc \u00eatre une occasion unique de passer la nuit avec nous \u2013 dans l&rsquo;une de nos <a href=\"https:\/\/cimodavinha.pt\/fr\/chambres\/\">Suites, Canastro ou Tentes Glamping <\/a>\u2013 et de visiter plus en profondeur la <a href=\"https:\/\/cimodavinha.pt\/fr\/que-faire-et-visiter-a-castelo-de-paiva\/\">belle municipalit\u00e9 de Castelo de Paiva<\/a>.<\/p>\t\t\t\t\t\t\t\t<\/div>\n\t\t\t\t<\/div>\n\t\t\t\t\t<\/div>\n\t\t<\/div>\n\t\t\t\t\t<\/div>\n\t\t<\/section>\n\t\t\t\t<section class=\"elementor-section elementor-top-section elementor-element elementor-element-6d3b511 elementor-section-boxed elementor-section-height-default elementor-section-height-default\" data-id=\"6d3b511\" data-element_type=\"section\" data-e-type=\"section\">\n\t\t\t\t\t\t<div class=\"elementor-container elementor-column-gap-default\">\n\t\t\t\t\t<div class=\"elementor-column elementor-col-100 elementor-top-column elementor-element elementor-element-cf3c53b\" data-id=\"cf3c53b\" data-element_type=\"column\" data-e-type=\"column\">\n\t\t\t<div class=\"elementor-widget-wrap elementor-element-populated\">\n\t\t\t\t\t\t<div class=\"elementor-element elementor-element-f3481a6 elementor-widget elementor-widget-spacer\" data-id=\"f3481a6\" data-element_type=\"widget\" data-e-type=\"widget\" data-widget_type=\"spacer.default\">\n\t\t\t\t<div class=\"elementor-widget-container\">\n\t\t\t\t\t\t\t<div class=\"elementor-spacer\">\n\t\t\t<div class=\"elementor-spacer-inner\"><\/div>\n\t\t<\/div>\n\t\t\t\t\t\t<\/div>\n\t\t\t\t<\/div>\n\t\t\t\t\t<\/div>\n\t\t<\/div>\n\t\t\t\t\t<\/div>\n\t\t<\/section>\n\t\t\t\t<section class=\"elementor-section elementor-top-section elementor-element elementor-element-bfc28e8 elementor-section-boxed elementor-section-height-default elementor-section-height-default\" data-id=\"bfc28e8\" data-element_type=\"section\" data-e-type=\"section\">\n\t\t\t\t\t\t<div class=\"elementor-container elementor-column-gap-default\">\n\t\t\t\t\t<div class=\"elementor-column elementor-col-100 elementor-top-column elementor-element elementor-element-00e6563\" data-id=\"00e6563\" data-element_type=\"column\" data-e-type=\"column\">\n\t\t\t<div class=\"elementor-widget-wrap elementor-element-populated\">\n\t\t\t\t\t\t<div class=\"elementor-element elementor-element-70be511 elementor-widget elementor-widget-heading\" data-id=\"70be511\" data-element_type=\"widget\" data-e-type=\"widget\" data-widget_type=\"heading.default\">\n\t\t\t\t<div class=\"elementor-widget-container\">\n\t\t\t\t\t<h2 class=\"elementor-heading-title elementor-size-default\">Histoire de la \u00ab Meilleure route du monde \u00bb<\/h2>\t\t\t\t<\/div>\n\t\t\t\t<\/div>\n\t\t\t\t\t<\/div>\n\t\t<\/div>\n\t\t\t\t\t<\/div>\n\t\t<\/section>\n\t\t\t\t<section class=\"elementor-section elementor-top-section elementor-element elementor-element-9d19f54 elementor-section-boxed elementor-section-height-default elementor-section-height-default\" data-id=\"9d19f54\" data-element_type=\"section\" data-e-type=\"section\">\n\t\t\t\t\t\t<div class=\"elementor-container elementor-column-gap-default\">\n\t\t\t\t\t<div class=\"elementor-column elementor-col-100 elementor-top-column elementor-element elementor-element-e4372cd\" data-id=\"e4372cd\" data-element_type=\"column\" data-e-type=\"column\">\n\t\t\t<div class=\"elementor-widget-wrap elementor-element-populated\">\n\t\t\t\t\t\t<div class=\"elementor-element elementor-element-db96e45 elementor-widget elementor-widget-text-editor\" data-id=\"db96e45\" data-element_type=\"widget\" data-e-type=\"widget\" data-widget_type=\"text-editor.default\">\n\t\t\t\t<div class=\"elementor-widget-container\">\n\t\t\t\t\t\t\t\t\t<p>La cr\u00e9ation de la <strong>route nationale 222 (N222) <\/strong>\u2013 souvent consid\u00e9r\u00e9e comme l&rsquo;une des plus belles au monde \u2013 \u00e9tait directement li\u00e9e \u00e0 la modernisation et \u00e0 l&rsquo;extension des infrastructures de transport au Portugal, dans un contexte de besoin croissant de liaisons entre les r\u00e9gions viticoles du Douro et le reste du pays. Durant des d\u00e9cennies, la N222 a constitu\u00e9 un axe essentiel pour le transport de produits agricoles, notamment le vin de Porto, contribuant de mani\u00e8re d\u00e9cisive au d\u00e9veloppement \u00e9conomique de la r\u00e9gion. <\/p><p>Outre son importance logistique, la route a \u00e9galement acquis une certaine notori\u00e9t\u00e9 gr\u00e2ce \u00e0 sa beaut\u00e9 naturelle, s&rsquo;imposant comme l&rsquo;un des itin\u00e9raires les plus appr\u00e9ci\u00e9s des voyageurs et des touristes au Portugal. Traversant des sites class\u00e9s au patrimoine mondial de l&rsquo;UNESCO (la r\u00e9gion viticole du Douro, le quartier de la Ribeira \u00e0 Porto et les gravures rupestres de Foz C\u00f4a), la N222 a connu plusieurs phases de modernisation au fil de son histoire, tout en conservant son caract\u00e8re unique ; elle est aujourd&rsquo;hui encore consid\u00e9r\u00e9e comme l&rsquo;une des plus belles et des plus embl\u00e9matiques routes au monde. <\/p><p>En 2015, la <strong>soci\u00e9t\u00e9 internationale de <em>location de voitures <\/em>AVIS <\/strong>a officiellement reconnu l&rsquo;<strong>Estrada Nacional 222 <\/strong>comme la <a href=\"http:\/\/www.avisbestroad.com\/the-top-25-roads\/\" target=\"_blank\" rel=\"noopener\">meilleure route au monde sur laquelle circuler<\/a>. La distinction a \u00e9t\u00e9 d\u00e9cern\u00e9e en fonction de la beaut\u00e9 du paysage, de ses courbes difficiles et de l&rsquo;exp\u00e9rience unique qu&rsquo;elle offre aux conducteurs. Cette reconnaissance a contribu\u00e9 \u00e0 consolider davantage la r\u00e9putation de la N222 en tant que destination incontournable pour les locaux et les touristes \u00e0 la recherche d&rsquo;un voyage unique.  <\/p>\t\t\t\t\t\t\t\t<\/div>\n\t\t\t\t<\/div>\n\t\t\t\t\t<\/div>\n\t\t<\/div>\n\t\t\t\t\t<\/div>\n\t\t<\/section>\n\t\t\t\t<section class=\"elementor-section elementor-top-section elementor-element elementor-element-1ea4e5f elementor-section-boxed elementor-section-height-default elementor-section-height-default\" data-id=\"1ea4e5f\" data-element_type=\"section\" data-e-type=\"section\">\n\t\t\t\t\t\t<div class=\"elementor-container elementor-column-gap-default\">\n\t\t\t\t\t<div class=\"elementor-column elementor-col-100 elementor-top-column elementor-element elementor-element-5a9e238\" data-id=\"5a9e238\" data-element_type=\"column\" data-e-type=\"column\">\n\t\t\t<div class=\"elementor-widget-wrap elementor-element-populated\">\n\t\t\t\t\t\t<div class=\"elementor-element elementor-element-c427667 elementor-widget elementor-widget-image\" data-id=\"c427667\" data-element_type=\"widget\" data-e-type=\"widget\" data-widget_type=\"image.default\">\n\t\t\t\t<div class=\"elementor-widget-container\">\n\t\t\t\t\t\t\t\t\t\t\t\t<figure class=\"wp-caption\">\n\t\t\t\t\t\t\t\t\t\t<img decoding=\"async\" src=\"https:\/\/cimodavinha.pt\/wp-content\/uploads\/2025\/02\/curvas-da-estrada-nacional-222-n222-a-melhor-estrada-do-mundo-1.jpg\" title=\"curvas-da-estrada-nacional-222-n222-a-melhor-estrada-do-mundo\" alt=\"As Curvas da Estrada Nacional 222 a mais bela estrada de Portugal N222\" loading=\"lazy\" \/>\t\t\t\t\t\t\t\t\t\t\t<figcaption class=\"widget-image-caption wp-caption-text\">\u00a9 photo par twofindaway.com<\/figcaption>\n\t\t\t\t\t\t\t\t\t\t<\/figure>\n\t\t\t\t\t\t\t\t\t<\/div>\n\t\t\t\t<\/div>\n\t\t\t\t\t<\/div>\n\t\t<\/div>\n\t\t\t\t\t<\/div>\n\t\t<\/section>\n\t\t\t\t<section class=\"elementor-section elementor-top-section elementor-element elementor-element-a1770a4 elementor-section-boxed elementor-section-height-default elementor-section-height-default\" data-id=\"a1770a4\" data-element_type=\"section\" data-e-type=\"section\">\n\t\t\t\t\t\t<div class=\"elementor-container elementor-column-gap-default\">\n\t\t\t\t\t<div class=\"elementor-column elementor-col-100 elementor-top-column elementor-element elementor-element-1db1e8b\" data-id=\"1db1e8b\" data-element_type=\"column\" data-e-type=\"column\">\n\t\t\t<div class=\"elementor-widget-wrap elementor-element-populated\">\n\t\t\t\t\t\t<div class=\"elementor-element elementor-element-768c43a elementor-widget elementor-widget-heading\" data-id=\"768c43a\" data-element_type=\"widget\" data-e-type=\"widget\" data-widget_type=\"heading.default\">\n\t\t\t\t<div class=\"elementor-widget-container\">\n\t\t\t\t\t<h2 class=\"elementor-heading-title elementor-size-default\">O\u00f9 commence et o\u00f9 finit la N222 ? Passeport N222 <\/h2>\t\t\t\t<\/div>\n\t\t\t\t<\/div>\n\t\t\t\t\t<\/div>\n\t\t<\/div>\n\t\t\t\t\t<\/div>\n\t\t<\/section>\n\t\t\t\t<section class=\"elementor-section elementor-top-section elementor-element elementor-element-c57b0a3 elementor-section-boxed elementor-section-height-default elementor-section-height-default\" data-id=\"c57b0a3\" data-element_type=\"section\" data-e-type=\"section\">\n\t\t\t\t\t\t<div class=\"elementor-container elementor-column-gap-default\">\n\t\t\t\t\t<div class=\"elementor-column elementor-col-100 elementor-top-column elementor-element elementor-element-0bd5219\" data-id=\"0bd5219\" data-element_type=\"column\" data-e-type=\"column\">\n\t\t\t<div class=\"elementor-widget-wrap elementor-element-populated\">\n\t\t\t\t\t\t<div class=\"elementor-element elementor-element-2a6cd43 elementor-widget elementor-widget-text-editor\" data-id=\"2a6cd43\" data-element_type=\"widget\" data-e-type=\"widget\" data-widget_type=\"text-editor.default\">\n\t\t\t\t<div class=\"elementor-widget-container\">\n\t\t\t\t\t\t\t\t\t<p>La route nationale 222 commence \u00e0 <strong>Vila Nova de Gaia<\/strong>, dans la r\u00e9gion m\u00e9tropolitaine de Porto, et continue jusqu&rsquo;\u00e0 <strong>Vila Nova de Foz C\u00f4a<\/strong>, \u00e0 la fronti\u00e8re avec l&rsquo;Espagne, sur une longueur totale de 227 km. Cette route est c\u00e9l\u00e8bre pour suivre le fleuve Douro sur une partie de son parcours, offrant aux voyageurs une vue imprenable sur les paysages viticoles et le relief \u00e9lev\u00e9 et sinueux de la r\u00e9gion. La N222 relie la c\u00f4te portugaise \u00e0 la fronti\u00e8re avec l&rsquo;Espagne, en suivant la rive gauche du Douro, en traversant plusieurs villes et villages pittoresques, comme Peso da R\u00e9gua ou Castelo de Paiva, devenant ainsi l&rsquo;une des routes les plus embl\u00e9matiques et recherch\u00e9es pour ceux qui souhaitent explorer la beaut\u00e9 naturelle et le patrimoine culturel de la r\u00e9gion du Douro.  <\/p><p>Vous pouvez documenter votre voyage en <a href=\"https:\/\/loja.rotan222.com\/shop\/1-produtos\/3-passaporte-rota-n222\" target=\"_blank\" rel=\"noopener\">achetant<\/a>, pour 3 euros, le <strong>Passeport N222 <\/strong>pour enregistrer le d\u00e9roulement de votre voyage.<\/p>\t\t\t\t\t\t\t\t<\/div>\n\t\t\t\t<\/div>\n\t\t\t\t\t<\/div>\n\t\t<\/div>\n\t\t\t\t\t<\/div>\n\t\t<\/section>\n\t\t\t\t<section class=\"elementor-section elementor-top-section elementor-element elementor-element-e185992 elementor-section-boxed elementor-section-height-default elementor-section-height-default\" data-id=\"e185992\" data-element_type=\"section\" data-e-type=\"section\">\n\t\t\t\t\t\t<div class=\"elementor-container elementor-column-gap-default\">\n\t\t\t\t\t<div class=\"elementor-column elementor-col-100 elementor-top-column elementor-element elementor-element-e010960\" data-id=\"e010960\" data-element_type=\"column\" data-e-type=\"column\">\n\t\t\t<div class=\"elementor-widget-wrap elementor-element-populated\">\n\t\t\t\t\t\t<div class=\"elementor-element elementor-element-70a4af5 elementor-widget elementor-widget-image\" data-id=\"70a4af5\" data-element_type=\"widget\" data-e-type=\"widget\" data-widget_type=\"image.default\">\n\t\t\t\t<div class=\"elementor-widget-container\">\n\t\t\t\t\t\t\t\t\t\t\t\t<figure class=\"wp-caption\">\n\t\t\t\t\t\t\t\t\t\t<img decoding=\"async\" src=\"https:\/\/cimodavinha.pt\/wp-content\/uploads\/2025\/02\/marco-historico-estrada-nacional-222-a-estrada-mais-bonita-de-portugal-n222-1.jpg\" title=\"marco-historico-estrada-nacional-222-a-estrada-mais-bonita-de-portugal-n222\" alt=\"Marco Hist\u00f3rico da Estrada Nacional 222 a melhor estrada do mundo N222\" loading=\"lazy\" \/>\t\t\t\t\t\t\t\t\t\t\t<figcaption class=\"widget-image-caption wp-caption-text\">\u00a9 photo par vagamundos.pt<\/figcaption>\n\t\t\t\t\t\t\t\t\t\t<\/figure>\n\t\t\t\t\t\t\t\t\t<\/div>\n\t\t\t\t<\/div>\n\t\t\t\t\t<\/div>\n\t\t<\/div>\n\t\t\t\t\t<\/div>\n\t\t<\/section>\n\t\t\t\t<section class=\"elementor-section elementor-top-section elementor-element elementor-element-bbf57dd elementor-section-boxed elementor-section-height-default elementor-section-height-default\" data-id=\"bbf57dd\" data-element_type=\"section\" data-e-type=\"section\">\n\t\t\t\t\t\t<div class=\"elementor-container elementor-column-gap-default\">\n\t\t\t\t\t<div class=\"elementor-column elementor-col-100 elementor-top-column elementor-element elementor-element-989fac4\" data-id=\"989fac4\" data-element_type=\"column\" data-e-type=\"column\">\n\t\t\t<div class=\"elementor-widget-wrap elementor-element-populated\">\n\t\t\t\t\t\t<div class=\"elementor-element elementor-element-deae1ef elementor-widget elementor-widget-heading\" data-id=\"deae1ef\" data-element_type=\"widget\" data-e-type=\"widget\" data-widget_type=\"heading.default\">\n\t\t\t\t<div class=\"elementor-widget-container\">\n\t\t\t\t\t<h2 class=\"elementor-heading-title elementor-size-default\">Combien de jours faut-il pour parcourir la N222 ? <\/h2>\t\t\t\t<\/div>\n\t\t\t\t<\/div>\n\t\t\t\t\t<\/div>\n\t\t<\/div>\n\t\t\t\t\t<\/div>\n\t\t<\/section>\n\t\t\t\t<section class=\"elementor-section elementor-top-section elementor-element elementor-element-7546521 elementor-section-boxed elementor-section-height-default elementor-section-height-default\" data-id=\"7546521\" data-element_type=\"section\" data-e-type=\"section\">\n\t\t\t\t\t\t<div class=\"elementor-container elementor-column-gap-default\">\n\t\t\t\t\t<div class=\"elementor-column elementor-col-100 elementor-top-column elementor-element elementor-element-2cec09e\" data-id=\"2cec09e\" data-element_type=\"column\" data-e-type=\"column\">\n\t\t\t<div class=\"elementor-widget-wrap elementor-element-populated\">\n\t\t\t\t\t\t<div class=\"elementor-element elementor-element-049097b elementor-widget elementor-widget-text-editor\" data-id=\"049097b\" data-element_type=\"widget\" data-e-type=\"widget\" data-widget_type=\"text-editor.default\">\n\t\t\t\t<div class=\"elementor-widget-container\">\n\t\t\t\t\t\t\t\t\t<p>S&rsquo;il est possible de parcourir l&rsquo;int\u00e9gralit\u00e9 de la N222 en une seule journ\u00e9e, parcourir ses 227 km en moins de 24 heures ne permettrait pas de profiter pleinement du parcours, ni de faire des arr\u00eats pour visiter les nombreux lieux d&rsquo;int\u00e9r\u00eat.<\/p><p>Pour profiter pleinement de la N222, vous devrez y consacrer quelques jours :<\/p><ul><li><strong>2 jours : <\/strong>Permet d&rsquo;explorer certains lieux comme Peso da R\u00e9gua, Castelo e Paiva ou Lamego, en plus de visiter des fermes de la r\u00e9gion du Douro. Id\u00e9al pour ceux qui veulent plus de temps pour profiter du paysage et de la culture locale. <\/li><li><strong>3 jours ou plus :<\/strong> Un voyage plus d\u00e9tendu, avec du temps pour explorer diff\u00e9rents lieux, faire des d\u00e9gustations de vins et profiter de l&rsquo;occasion pour se reposer dans les h\u00f4tels le long du parcours, pour d\u00e9couvrir plus en profondeur la r\u00e9gion et sa gastronomie.<\/li><\/ul>\t\t\t\t\t\t\t\t<\/div>\n\t\t\t\t<\/div>\n\t\t\t\t\t<\/div>\n\t\t<\/div>\n\t\t\t\t\t<\/div>\n\t\t<\/section>\n\t\t\t\t<section class=\"elementor-section elementor-top-section elementor-element elementor-element-5b95495 elementor-section-boxed elementor-section-height-default elementor-section-height-default\" data-id=\"5b95495\" data-element_type=\"section\" data-e-type=\"section\">\n\t\t\t\t\t\t<div class=\"elementor-container elementor-column-gap-default\">\n\t\t\t\t\t<div class=\"elementor-column elementor-col-100 elementor-top-column elementor-element elementor-element-7818f3a\" data-id=\"7818f3a\" data-element_type=\"column\" data-e-type=\"column\">\n\t\t\t<div class=\"elementor-widget-wrap elementor-element-populated\">\n\t\t\t\t\t\t<div class=\"elementor-element elementor-element-02d9bea elementor-widget elementor-widget-heading\" data-id=\"02d9bea\" data-element_type=\"widget\" data-e-type=\"widget\" data-widget_type=\"heading.default\">\n\t\t\t\t<div class=\"elementor-widget-container\">\n\t\t\t\t\t<h2 class=\"elementor-heading-title elementor-size-default\">Carte de la route nationale 222<\/h2>\t\t\t\t<\/div>\n\t\t\t\t<\/div>\n\t\t\t\t\t<\/div>\n\t\t<\/div>\n\t\t\t\t\t<\/div>\n\t\t<\/section>\n\t\t\t\t<section class=\"elementor-section elementor-top-section elementor-element elementor-element-fab6dee elementor-section-boxed elementor-section-height-default elementor-section-height-default\" data-id=\"fab6dee\" data-element_type=\"section\" data-e-type=\"section\">\n\t\t\t\t\t\t<div class=\"elementor-container elementor-column-gap-default\">\n\t\t\t\t\t<div class=\"elementor-column elementor-col-100 elementor-top-column elementor-element elementor-element-c81cb44\" data-id=\"c81cb44\" data-element_type=\"column\" data-e-type=\"column\">\n\t\t\t<div class=\"elementor-widget-wrap elementor-element-populated\">\n\t\t\t\t\t\t<div class=\"elementor-element elementor-element-c0bf201 elementor-widget elementor-widget-image\" data-id=\"c0bf201\" data-element_type=\"widget\" data-e-type=\"widget\" data-widget_type=\"image.default\">\n\t\t\t\t<div class=\"elementor-widget-container\">\n\t\t\t\t\t\t\t\t\t\t\t\t<figure class=\"wp-caption\">\n\t\t\t\t\t\t\t\t\t\t<img decoding=\"async\" src=\"https:\/\/cimodavinha.pt\/wp-content\/uploads\/2025\/02\/mapa-infografico.estrada-nacional-222-n222-1.jpg\" title=\"mapa-infografico.estrada-nacional-222-n222\" alt=\"Mapa Infogr\u00e1fico da Estrada Nacional 222 a estrada mais bonita de Portugal N222\" loading=\"lazy\" \/>\t\t\t\t\t\t\t\t\t\t\t<figcaption class=\"widget-image-caption wp-caption-text\">\u00a9 Cimo da Vinha 2025<\/figcaption>\n\t\t\t\t\t\t\t\t\t\t<\/figure>\n\t\t\t\t\t\t\t\t\t<\/div>\n\t\t\t\t<\/div>\n\t\t\t\t\t<\/div>\n\t\t<\/div>\n\t\t\t\t\t<\/div>\n\t\t<\/section>\n\t\t\t\t<section class=\"elementor-section elementor-top-section elementor-element elementor-element-85cc094 elementor-section-boxed elementor-section-height-default elementor-section-height-default\" data-id=\"85cc094\" data-element_type=\"section\" data-e-type=\"section\">\n\t\t\t\t\t\t<div class=\"elementor-container elementor-column-gap-default\">\n\t\t\t\t\t<div class=\"elementor-column elementor-col-100 elementor-top-column elementor-element elementor-element-cfca6b8\" data-id=\"cfca6b8\" data-element_type=\"column\" data-e-type=\"column\">\n\t\t\t<div class=\"elementor-widget-wrap elementor-element-populated\">\n\t\t\t\t\t\t<div class=\"elementor-element elementor-element-68b2feb elementor-widget elementor-widget-heading\" data-id=\"68b2feb\" data-element_type=\"widget\" data-e-type=\"widget\" data-widget_type=\"heading.default\">\n\t\t\t\t<div class=\"elementor-widget-container\">\n\t\t\t\t\t<h2 class=\"elementor-heading-title elementor-size-default\">Meilleure p\u00e9riode de l'ann\u00e9e pour faire le voyage<\/h2>\t\t\t\t<\/div>\n\t\t\t\t<\/div>\n\t\t\t\t\t<\/div>\n\t\t<\/div>\n\t\t\t\t\t<\/div>\n\t\t<\/section>\n\t\t\t\t<section class=\"elementor-section elementor-top-section elementor-element elementor-element-c92cf08 elementor-section-boxed elementor-section-height-default elementor-section-height-default\" data-id=\"c92cf08\" data-element_type=\"section\" data-e-type=\"section\">\n\t\t\t\t\t\t<div class=\"elementor-container elementor-column-gap-default\">\n\t\t\t\t\t<div class=\"elementor-column elementor-col-100 elementor-top-column elementor-element elementor-element-3ddf824\" data-id=\"3ddf824\" data-element_type=\"column\" data-e-type=\"column\">\n\t\t\t<div class=\"elementor-widget-wrap elementor-element-populated\">\n\t\t\t\t\t\t<div class=\"elementor-element elementor-element-f7da524 elementor-widget elementor-widget-text-editor\" data-id=\"f7da524\" data-element_type=\"widget\" data-e-type=\"widget\" data-widget_type=\"text-editor.default\">\n\t\t\t\t<div class=\"elementor-widget-container\">\n\t\t\t\t\t\t\t\t\t<p>Bien que la N222 soit magnifique toute l&rsquo;ann\u00e9e, pendant les <strong>vendanges<\/strong>, la vall\u00e9e du Douro est particuli\u00e8rement enchanteresse, avec les vignobles d\u00e9j\u00e0 aux couleurs automnales vibrantes, cr\u00e9ant une palette idyllique. La saison des vendanges est \u00e9galement l&rsquo;occasion d&rsquo;assister au processus de cueillette des raisins. D\u2019un autre c\u00f4t\u00e9, le <strong>printemps <\/strong>est \u00e9galement inoubliable, avec une nature en pleine floraison et un climat doux et accueillant.  <\/p>\t\t\t\t\t\t\t\t<\/div>\n\t\t\t\t<\/div>\n\t\t\t\t\t<\/div>\n\t\t<\/div>\n\t\t\t\t\t<\/div>\n\t\t<\/section>\n\t\t\t\t<section class=\"elementor-section elementor-top-section elementor-element elementor-element-6812a81 elementor-section-boxed elementor-section-height-default elementor-section-height-default\" data-id=\"6812a81\" data-element_type=\"section\" data-e-type=\"section\">\n\t\t\t\t\t\t<div class=\"elementor-container elementor-column-gap-default\">\n\t\t\t\t\t<div class=\"elementor-column elementor-col-100 elementor-top-column elementor-element elementor-element-1e50eae\" data-id=\"1e50eae\" data-element_type=\"column\" data-e-type=\"column\">\n\t\t\t<div class=\"elementor-widget-wrap elementor-element-populated\">\n\t\t\t\t\t\t<div class=\"elementor-element elementor-element-6db079b elementor-widget elementor-widget-heading\" data-id=\"6db079b\" data-element_type=\"widget\" data-e-type=\"widget\" data-widget_type=\"heading.default\">\n\t\t\t\t<div class=\"elementor-widget-container\">\n\t\t\t\t\t<h2 class=\"elementor-heading-title elementor-size-default\">Principaux sites touristiques le long de la route nationale 222<\/h2>\t\t\t\t<\/div>\n\t\t\t\t<\/div>\n\t\t\t\t\t<\/div>\n\t\t<\/div>\n\t\t\t\t\t<\/div>\n\t\t<\/section>\n\t\t\t\t<section class=\"elementor-section elementor-top-section elementor-element elementor-element-bd330c1 elementor-section-boxed elementor-section-height-default elementor-section-height-default\" data-id=\"bd330c1\" data-element_type=\"section\" data-e-type=\"section\">\n\t\t\t\t\t\t<div class=\"elementor-container elementor-column-gap-default\">\n\t\t\t\t\t<div class=\"elementor-column elementor-col-100 elementor-top-column elementor-element elementor-element-5f3dbd6\" data-id=\"5f3dbd6\" data-element_type=\"column\" data-e-type=\"column\">\n\t\t\t<div class=\"elementor-widget-wrap elementor-element-populated\">\n\t\t\t\t\t\t<div class=\"elementor-element elementor-element-2651001 elementor-widget elementor-widget-text-editor\" data-id=\"2651001\" data-element_type=\"widget\" data-e-type=\"widget\" data-widget_type=\"text-editor.default\">\n\t\t\t\t<div class=\"elementor-widget-container\">\n\t\t\t\t\t\t\t\t\t<p>Bien qu&rsquo;il existe d&rsquo;innombrables lieux d&rsquo;int\u00e9r\u00eat \u00e0 visiter tout au long du parcours, nous vous pr\u00e9sentons ici quelques-unes des options qui m\u00e9ritent une halte :<\/p>\t\t\t\t\t\t\t\t<\/div>\n\t\t\t\t<\/div>\n\t\t\t\t\t<\/div>\n\t\t<\/div>\n\t\t\t\t\t<\/div>\n\t\t<\/section>\n\t\t\t\t<section class=\"elementor-section elementor-top-section elementor-element elementor-element-aa31e48 elementor-section-boxed elementor-section-height-default elementor-section-height-default\" data-id=\"aa31e48\" data-element_type=\"section\" data-e-type=\"section\">\n\t\t\t\t\t\t<div class=\"elementor-container elementor-column-gap-default\">\n\t\t\t\t\t<div class=\"elementor-column elementor-col-50 elementor-top-column elementor-element elementor-element-8c158cd\" data-id=\"8c158cd\" data-element_type=\"column\" data-e-type=\"column\">\n\t\t\t<div class=\"elementor-widget-wrap elementor-element-populated\">\n\t\t\t\t\t\t<div class=\"elementor-element elementor-element-201b49b elementor-widget elementor-widget-text-editor\" data-id=\"201b49b\" data-element_type=\"widget\" data-e-type=\"widget\" data-widget_type=\"text-editor.default\">\n\t\t\t\t<div class=\"elementor-widget-container\">\n\t\t\t\t\t\t\t\t\t<p><span style=\"color: #4ec5a5\">\u2666\u00a0<\/span><strong>Vila Nova de Gaia:<\/strong><\/p><ul><li><a href=\"https:\/\/www.guiadacidade.pt\/pt\/poi-cais-de-gaia-17155\" target=\"_blank\" rel=\"noopener\">Cais de Gaia<\/a><\/li><li><a href=\"http:\/\/www.parquebiologico.pt\/\" target=\"_blank\" rel=\"noopener\">Parque Biol\u00f3gico de Gaia<\/a><\/li><\/ul>\t\t\t\t\t\t\t\t<\/div>\n\t\t\t\t<\/div>\n\t\t\t\t\t<\/div>\n\t\t<\/div>\n\t\t\t\t<div class=\"elementor-column elementor-col-50 elementor-top-column elementor-element elementor-element-a5cfe27\" data-id=\"a5cfe27\" data-element_type=\"column\" data-e-type=\"column\">\n\t\t\t<div class=\"elementor-widget-wrap elementor-element-populated\">\n\t\t\t\t\t\t<div class=\"elementor-element elementor-element-5fbb130 elementor-widget elementor-widget-text-editor\" data-id=\"5fbb130\" data-element_type=\"widget\" data-e-type=\"widget\" data-widget_type=\"text-editor.default\">\n\t\t\t\t<div class=\"elementor-widget-container\">\n\t\t\t\t\t\t\t\t\t<p><span style=\"color: #4ec5a5\">\u2666\u00a0<\/span><strong>Castelo de Paiva:<\/strong><\/p><ul><li><a href=\"https:\/\/cimodavinha.pt\/o-que-visitar-e-fazer-em-castelo-de-paiva\/\" target=\"_blank\" rel=\"noopener\">Miradouro do Monte de S. Domingos\u00a0<\/a><\/li><li><a href=\"https:\/\/cimodavinha.pt\/o-rio-douro-em-castelo-de-paiva\/\" target=\"_blank\" rel=\"noopener\">Ilha dos Amores<\/a><\/li><\/ul>\t\t\t\t\t\t\t\t<\/div>\n\t\t\t\t<\/div>\n\t\t\t\t\t<\/div>\n\t\t<\/div>\n\t\t\t\t\t<\/div>\n\t\t<\/section>\n\t\t\t\t<section class=\"elementor-section elementor-top-section elementor-element elementor-element-ad1d3d7 elementor-section-boxed elementor-section-height-default elementor-section-height-default\" data-id=\"ad1d3d7\" data-element_type=\"section\" data-e-type=\"section\">\n\t\t\t\t\t\t<div class=\"elementor-container elementor-column-gap-default\">\n\t\t\t\t\t<div class=\"elementor-column elementor-col-50 elementor-top-column elementor-element elementor-element-f05ccfd\" data-id=\"f05ccfd\" data-element_type=\"column\" data-e-type=\"column\">\n\t\t\t<div class=\"elementor-widget-wrap elementor-element-populated\">\n\t\t\t\t\t\t<div class=\"elementor-element elementor-element-84fb900 elementor-widget elementor-widget-text-editor\" data-id=\"84fb900\" data-element_type=\"widget\" data-e-type=\"widget\" data-widget_type=\"text-editor.default\">\n\t\t\t\t<div class=\"elementor-widget-container\">\n\t\t\t\t\t\t\t\t\t<p><span style=\"color: #4ec5a5\">\u2666\u00a0\u00a0<\/span><strong>Cinf\u00e3es:<\/strong><\/p><ul><li><a href=\"https:\/\/www.rotadoromanico.com\/pt\/experiencias\/o-que-ver-e-fazer\/miradouro-de-teixeiro\/\" target=\"_blank\" rel=\"noopener\">Miradouro do Teixeir\u00f4<\/a><\/li><li><a href=\"https:\/\/gr.montanhasmagicas.pt\/natural_resource\/porto-antigo\/\" target=\"_blank\" rel=\"noopener\">Cais de Porto Antigo<\/a><\/li><\/ul>\t\t\t\t\t\t\t\t<\/div>\n\t\t\t\t<\/div>\n\t\t\t\t\t<\/div>\n\t\t<\/div>\n\t\t\t\t<div class=\"elementor-column elementor-col-50 elementor-top-column elementor-element elementor-element-80f3efa\" data-id=\"80f3efa\" data-element_type=\"column\" data-e-type=\"column\">\n\t\t\t<div class=\"elementor-widget-wrap elementor-element-populated\">\n\t\t\t\t\t\t<div class=\"elementor-element elementor-element-fc56f5d elementor-widget elementor-widget-text-editor\" data-id=\"fc56f5d\" data-element_type=\"widget\" data-e-type=\"widget\" data-widget_type=\"text-editor.default\">\n\t\t\t\t<div class=\"elementor-widget-container\">\n\t\t\t\t\t\t\t\t\t<p><span style=\"color: #4ec5a5\">\u2666<\/span>\u00a0 <strong>Resende:<\/strong><\/p><ul><li><a href=\"https:\/\/www.rotadoromanico.com\/pt\/monumentos\/ponte-da-panchorra\/\" target=\"_blank\" rel=\"noopener\">Ponte da Panchorra<\/a><\/li><li><a href=\"https:\/\/www.rotadoromanico.com\/pt\/monumentos\/igreja-de-santa-maria-de-barro\/\" target=\"_blank\" rel=\"noopener\">Igreja de Santa Maria de Barr\u00f4<\/a><\/li><\/ul>\t\t\t\t\t\t\t\t<\/div>\n\t\t\t\t<\/div>\n\t\t\t\t\t<\/div>\n\t\t<\/div>\n\t\t\t\t\t<\/div>\n\t\t<\/section>\n\t\t\t\t<section class=\"elementor-section elementor-top-section elementor-element elementor-element-900b833 elementor-section-boxed elementor-section-height-default elementor-section-height-default\" data-id=\"900b833\" data-element_type=\"section\" data-e-type=\"section\">\n\t\t\t\t\t\t<div class=\"elementor-container elementor-column-gap-default\">\n\t\t\t\t\t<div class=\"elementor-column elementor-col-50 elementor-top-column elementor-element elementor-element-0c3473e\" data-id=\"0c3473e\" data-element_type=\"column\" data-e-type=\"column\">\n\t\t\t<div class=\"elementor-widget-wrap elementor-element-populated\">\n\t\t\t\t\t\t<div class=\"elementor-element elementor-element-b4c4bd4 elementor-widget elementor-widget-text-editor\" data-id=\"b4c4bd4\" data-element_type=\"widget\" data-e-type=\"widget\" data-widget_type=\"text-editor.default\">\n\t\t\t\t<div class=\"elementor-widget-container\">\n\t\t\t\t\t\t\t\t\t<p><span style=\"color: #4ec5a5\">\u2666<\/span>\u00a0\u00a0<strong>Lamego:<\/strong><\/p><ul><li><a href=\"https:\/\/www.santuarioremedios.pt\/\" target=\"_blank\" rel=\"noopener\">Santu\u00e1rio de Nossa Senhora dos Rem\u00e9dios<\/a><\/li><li><a href=\"https:\/\/www.cm-lamego.pt\/visitar-lamego\/patrimonio\/castelo-cisterna\" target=\"_blank\" rel=\"noopener\">Castelo de Lamego<\/a><\/li><\/ul>\t\t\t\t\t\t\t\t<\/div>\n\t\t\t\t<\/div>\n\t\t\t\t\t<\/div>\n\t\t<\/div>\n\t\t\t\t<div class=\"elementor-column elementor-col-50 elementor-top-column elementor-element elementor-element-dabb008\" data-id=\"dabb008\" data-element_type=\"column\" data-e-type=\"column\">\n\t\t\t<div class=\"elementor-widget-wrap elementor-element-populated\">\n\t\t\t\t\t\t<div class=\"elementor-element elementor-element-aabe288 elementor-widget elementor-widget-text-editor\" data-id=\"aabe288\" data-element_type=\"widget\" data-e-type=\"widget\" data-widget_type=\"text-editor.default\">\n\t\t\t\t<div class=\"elementor-widget-container\">\n\t\t\t\t\t\t\t\t\t<p><span style=\"color: #4ec5a5\">\u2666\u00a0 <\/span><strong>Peso da R\u00e9gua:<\/strong><\/p><ul><li><a href=\"https:\/\/www.almadeviajante.com\/sao-leonardo-galafura\/\" target=\"_blank\" rel=\"noopener\">Miradouro S\u00e3o Leonardo de Galafura<\/a><\/li><li><a href=\"http:\/\/www.monumentos.gov.pt\/Site\/APP_PagesUser\/SIPA.aspx?id=3664\" target=\"_blank\" rel=\"noopener\">Ponte Velha Pedonal<\/a><\/li><\/ul>\t\t\t\t\t\t\t\t<\/div>\n\t\t\t\t<\/div>\n\t\t\t\t\t<\/div>\n\t\t<\/div>\n\t\t\t\t\t<\/div>\n\t\t<\/section>\n\t\t\t\t<section class=\"elementor-section elementor-top-section elementor-element elementor-element-d4d2325 elementor-section-boxed elementor-section-height-default elementor-section-height-default\" data-id=\"d4d2325\" data-element_type=\"section\" data-e-type=\"section\">\n\t\t\t\t\t\t<div class=\"elementor-container elementor-column-gap-default\">\n\t\t\t\t\t<div class=\"elementor-column elementor-col-50 elementor-top-column elementor-element elementor-element-e9fedec\" data-id=\"e9fedec\" data-element_type=\"column\" data-e-type=\"column\">\n\t\t\t<div class=\"elementor-widget-wrap elementor-element-populated\">\n\t\t\t\t\t\t<div class=\"elementor-element elementor-element-a8efa79 elementor-widget elementor-widget-text-editor\" data-id=\"a8efa79\" data-element_type=\"widget\" data-e-type=\"widget\" data-widget_type=\"text-editor.default\">\n\t\t\t\t<div class=\"elementor-widget-container\">\n\t\t\t\t\t\t\t\t\t<p><span style=\"color: #4ec5a5\">\u2666\u00a0<\/span> <strong>Armamar:<\/strong><\/p><ul><li><a href=\"https:\/\/www.passaportugal.pt\/locais-a-visitar\/miradouro-de-sao-domingos-\/\" target=\"_blank\" rel=\"noopener\">Miradouro de S\u00e3o Domingos<\/a><\/li><li><a href=\"https:\/\/www.infopedia.pt\/artigos\/$igreja-matriz-de-armamar\" target=\"_blank\" rel=\"noopener\">Igreja Matriz<\/a><\/li><\/ul>\t\t\t\t\t\t\t\t<\/div>\n\t\t\t\t<\/div>\n\t\t\t\t\t<\/div>\n\t\t<\/div>\n\t\t\t\t<div class=\"elementor-column elementor-col-50 elementor-top-column elementor-element elementor-element-53a06aa\" data-id=\"53a06aa\" data-element_type=\"column\" data-e-type=\"column\">\n\t\t\t<div class=\"elementor-widget-wrap elementor-element-populated\">\n\t\t\t\t\t\t<div class=\"elementor-element elementor-element-af15b30 elementor-widget elementor-widget-text-editor\" data-id=\"af15b30\" data-element_type=\"widget\" data-e-type=\"widget\" data-widget_type=\"text-editor.default\">\n\t\t\t\t<div class=\"elementor-widget-container\">\n\t\t\t\t\t\t\t\t\t<p><span style=\"color: #4ec5a5\">\u2666\u00a0 <\/span><strong>Tabua\u00e7o:<\/strong><\/p><ul><li><a href=\"https:\/\/www.cm-tabuaco.pt\/turismo\/visitar\/miradouros\/miradouro-de-adorigo\" target=\"_blank\" rel=\"noopener\">Miradouro de Adorigo<\/a><\/li><li><a href=\"https:\/\/www.cm-tabuaco.pt\/acao-municipal\/cultura\/espacos-culturais\/poi\/museu-do-imaginario-duriense-midu\" target=\"_blank\" rel=\"noopener\">Museu do Imagin\u00e1rio Duriense<\/a><\/li><\/ul>\t\t\t\t\t\t\t\t<\/div>\n\t\t\t\t<\/div>\n\t\t\t\t\t<\/div>\n\t\t<\/div>\n\t\t\t\t\t<\/div>\n\t\t<\/section>\n\t\t\t\t<section class=\"elementor-section elementor-top-section elementor-element elementor-element-2673d76 elementor-section-boxed elementor-section-height-default elementor-section-height-default\" data-id=\"2673d76\" data-element_type=\"section\" data-e-type=\"section\">\n\t\t\t\t\t\t<div class=\"elementor-container elementor-column-gap-default\">\n\t\t\t\t\t<div class=\"elementor-column elementor-col-50 elementor-top-column elementor-element elementor-element-0629332\" data-id=\"0629332\" data-element_type=\"column\" data-e-type=\"column\">\n\t\t\t<div class=\"elementor-widget-wrap elementor-element-populated\">\n\t\t\t\t\t\t<div class=\"elementor-element elementor-element-3fef2b4 elementor-widget elementor-widget-text-editor\" data-id=\"3fef2b4\" data-element_type=\"widget\" data-e-type=\"widget\" data-widget_type=\"text-editor.default\">\n\t\t\t\t<div class=\"elementor-widget-container\">\n\t\t\t\t\t\t\t\t\t<p><span style=\"color: #4ec5a5\">\u2666\u00a0<\/span> <strong>S\u00e3o Jo\u00e3o da Pesqueira:<\/strong><\/p><ul><li><a href=\"https:\/\/www.impulsiveaddiction.com\/visitar-sao-joao-da-pesqueira\/#Miradouro_da_Abelheira_ou_Frei-Estevao_Ervedosa_do_Douro\" target=\"_blank\" rel=\"noopener\">Miradouro da Abelheira<\/a><\/li><li><a href=\"http:\/\/www.monumentos.gov.pt\/Site\/APP_PagesUser\/SIPA.aspx?id=15791\" target=\"_blank\" rel=\"noopener\">Ponte Ferrovi\u00e1ria da Ferradosa<\/a><\/li><\/ul>\t\t\t\t\t\t\t\t<\/div>\n\t\t\t\t<\/div>\n\t\t\t\t\t<\/div>\n\t\t<\/div>\n\t\t\t\t<div class=\"elementor-column elementor-col-50 elementor-top-column elementor-element elementor-element-f16bcdf\" data-id=\"f16bcdf\" data-element_type=\"column\" data-e-type=\"column\">\n\t\t\t<div class=\"elementor-widget-wrap elementor-element-populated\">\n\t\t\t\t\t\t<div class=\"elementor-element elementor-element-f4337d7 elementor-widget elementor-widget-text-editor\" data-id=\"f4337d7\" data-element_type=\"widget\" data-e-type=\"widget\" data-widget_type=\"text-editor.default\">\n\t\t\t\t<div class=\"elementor-widget-container\">\n\t\t\t\t\t\t\t\t\t<p><span style=\"color: #4ec5a5\">\u2666\u00a0 <\/span><strong>Vila Nova de Foz C\u00f4a:<\/strong><\/p><ul><li><a href=\"https:\/\/culturaportugal.gov.pt\/pt\/conhecer\/local\/_drcnorte\/castelo-e-vila-muralhada-de-numao\/\" target=\"_blank\" rel=\"noopener\">Castelo de Num\u00e3o<\/a><\/li><li><a href=\"https:\/\/arte-coa.pt\/\" target=\"_blank\" rel=\"noopener\">Gravuras Rupestres de Foz C\u00f4a<\/a><\/li><\/ul>\t\t\t\t\t\t\t\t<\/div>\n\t\t\t\t<\/div>\n\t\t\t\t\t<\/div>\n\t\t<\/div>\n\t\t\t\t\t<\/div>\n\t\t<\/section>\n\t\t\t\t<section class=\"elementor-section elementor-top-section elementor-element elementor-element-985acfe elementor-section-boxed elementor-section-height-default elementor-section-height-default\" data-id=\"985acfe\" data-element_type=\"section\" data-e-type=\"section\">\n\t\t\t\t\t\t<div class=\"elementor-container elementor-column-gap-default\">\n\t\t\t\t\t<div class=\"elementor-column elementor-col-100 elementor-top-column elementor-element elementor-element-8b317ba\" data-id=\"8b317ba\" data-element_type=\"column\" data-e-type=\"column\">\n\t\t\t<div class=\"elementor-widget-wrap elementor-element-populated\">\n\t\t\t\t\t\t<div class=\"elementor-element elementor-element-da2e5ac elementor-widget elementor-widget-text-editor\" data-id=\"da2e5ac\" data-element_type=\"widget\" data-e-type=\"widget\" data-widget_type=\"text-editor.default\">\n\t\t\t\t<div class=\"elementor-widget-container\">\n\t\t\t\t\t\t\t\t\t<p><em> <span style=\"color: #999999\"> photo de couverture<\/span> <span style=\"color: #999999\">\u00a9 ippatrimonio.pt e portugaldenorteasul.pt<br \/><\/span><\/em><\/p>\t\t\t\t\t\t\t\t<\/div>\n\t\t\t\t<\/div>\n\t\t\t\t\t<\/div>\n\t\t<\/div>\n\t\t\t\t\t<\/div>\n\t\t<\/section>\n\t\t\t\t<section class=\"elementor-section elementor-top-section elementor-element elementor-element-40b03fe elementor-section-boxed elementor-section-height-default elementor-section-height-default\" data-id=\"40b03fe\" data-element_type=\"section\" data-e-type=\"section\">\n\t\t\t\t\t\t<div class=\"elementor-container elementor-column-gap-default\">\n\t\t\t\t\t<div class=\"elementor-column elementor-col-100 elementor-top-column elementor-element elementor-element-fb94390\" data-id=\"fb94390\" data-element_type=\"column\" data-e-type=\"column\">\n\t\t\t<div class=\"elementor-widget-wrap elementor-element-populated\">\n\t\t\t\t\t\t<div class=\"elementor-element elementor-element-57b7659 elementor-widget elementor-widget-text-editor\" data-id=\"57b7659\" data-element_type=\"widget\" data-e-type=\"widget\" data-widget_type=\"text-editor.default\">\n\t\t\t\t<div class=\"elementor-widget-container\">\n\t\t\t\t\t\t\t\t\t<p><img decoding=\"async\" src=\"https:\/\/cimodavinha.pt\/wp-content\/uploads\/2021\/04\/leaf-icon.png\"> <strong> A PROPOS DE L&rsquo;AUTEUR<\/strong><\/p><p><em>Cimo da Vinha<\/em> est une entreprise de tourisme naturel \u00e0 Castelo de Paiva, entre les rivi\u00e8res Paiva et Douro. Son \u00e9quipe est enti\u00e8rement compos\u00e9e de travailleurs locaux poss\u00e9dant une connaissance approfondie de la g\u00e9ographie r\u00e9gionale et de ses traditions. Cette connaissance du territoire est l&rsquo;un de nos plus grands diff\u00e9renciateurs. Cette compr\u00e9hension du territoire est au service non seulement de nos h\u00f4tes mais aussi de ce Blog.   <\/p>\t\t\t\t\t\t\t\t<\/div>\n\t\t\t\t<\/div>\n\t\t\t\t\t<\/div>\n\t\t<\/div>\n\t\t\t\t\t<\/div>\n\t\t<\/section>\n\t\t\t\t<\/div>\n\t\t","protected":false},"excerpt":{"rendered":"<p>La cr\u00e9ation de la route nationale 222 (N222) \u2013 souvent consid\u00e9r\u00e9e comme l&rsquo;une des plus belles du monde \u2013 \u00e9tait directement li\u00e9e au processus de modernisation et d&rsquo;expansion des infrastructures de transport au Portugal, dans le contexte du besoin croissant de communication entre les r\u00e9gions viticoles du Douro et le reste du pays. <\/p>\n","protected":false},"author":189882525,"featured_media":58186,"comment_status":"closed","ping_status":"open","sticky":false,"template":"","format":"standard","meta":{"_jetpack_newsletter_access":"","_jetpack_dont_email_post_to_subs":false,"_jetpack_newsletter_tier_id":0,"_jetpack_memberships_contains_paywalled_content":false,"_wpcom_ai_launchpad_first_post":false,"_jetpack_feature_clip_id":0,"_jetpack_memberships_contains_paid_content":false,"footnotes":"","jetpack_post_was_ever_published":false},"categories":[1605],"tags":[],"class_list":["post-59331","post","type-post","status-publish","format-standard","has-post-thumbnail","hentry","category-region"],"yoast_head":"<!-- This site is optimized with the Yoast SEO plugin v28.4 - https:\/\/yoast.com\/product\/yoast-seo-wordpress\/ -->\n<title>Route Nationale 222 - Guide et itin\u00e9raire complet - Cimo da Vinha<\/title>\n<meta name=\"description\" content=\"Route nationale 222 (EN222) | Guide et itin\u00e9raire complet\" \/>\n<meta name=\"robots\" content=\"index, follow, max-snippet:-1, max-image-preview:large, max-video-preview:-1\" \/>\n<link rel=\"canonical\" href=\"https:\/\/cimodavinha.pt\/en\/estrada-nacional-222\/\" \/>\n<meta property=\"og:locale\" content=\"fr_FR\" \/>\n<meta property=\"og:type\" content=\"article\" \/>\n<meta property=\"og:title\" content=\"Estada Nacional 222 (EN222) | Guia e Roteiro Completo\" \/>\n<meta property=\"og:description\" content=\"La cr\u00e9ation de la route nationale 222 (N222) \u2013 souvent consid\u00e9r\u00e9e comme l&#039;une des plus belles au monde \u2013 \u00e9tait directement li\u00e9e \u00e0 la modernisation et \u00e0 l&#039;extension des infrastructures de transport au Portugal, dans un contexte de besoin croissant de liaisons entre les r\u00e9gions viticoles du Douro et le reste du pays. Durant des d\u00e9cennies, la N222 a constitu\u00e9 un axe essentiel pour le transport de produits agricoles, notamment le vin de Porto, contribuant de mani\u00e8re d\u00e9cisive au d\u00e9veloppement \u00e9conomique de la r\u00e9gion.\" \/>\n<meta property=\"og:url\" content=\"https:\/\/cimodavinha.pt\/en\/estrada-nacional-222\/\" \/>\n<meta property=\"og:site_name\" content=\"Cimo da Vinha\" \/>\n<meta property=\"article:published_time\" content=\"2025-02-10T17:57:11+00:00\" \/>\n<meta property=\"article:modified_time\" content=\"2026-08-10T16:01:44+00:00\" \/>\n<meta property=\"og:image\" content=\"https:\/\/cimodavinha.pt\/wp-content\/uploads\/2025\/02\/ESTRADANACIONAL222-1-1.jpg\" \/>\n\t<meta property=\"og:image:width\" content=\"1150\" \/>\n\t<meta property=\"og:image:height\" content=\"550\" \/>\n\t<meta property=\"og:image:type\" content=\"image\/jpeg\" \/>\n<meta name=\"author\" content=\"Cimo da Vinha\" \/>\n<meta name=\"twitter:card\" content=\"summary_large_image\" \/>\n<meta name=\"twitter:label1\" content=\"\u00c9crit par\" \/>\n\t<meta name=\"twitter:data1\" content=\"Cimo da Vinha\" \/>\n\t<meta name=\"twitter:label2\" content=\"Dur\u00e9e de lecture estim\u00e9e\" \/>\n\t<meta name=\"twitter:data2\" content=\"6 minutes\" \/>\n<script type=\"application\/ld+json\" class=\"yoast-schema-graph\">{\"@context\":\"https:\\\/\\\/schema.org\",\"@graph\":[{\"@type\":\"Article\",\"@id\":\"https:\\\/\\\/cimodavinha.pt\\\/en\\\/estrada-nacional-222\\\/#article\",\"isPartOf\":{\"@id\":\"https:\\\/\\\/cimodavinha.pt\\\/en\\\/estrada-nacional-222\\\/\"},\"author\":{\"name\":\"Cimo da Vinha\",\"@id\":\"https:\\\/\\\/cimodavinha.pt\\\/en\\\/#\\\/schema\\\/person\\\/02d3b102d9258c774473556a94b21aac\"},\"headline\":\"Route Nationale 222 &#8211; Guide et itin\u00e9raire complet\",\"datePublished\":\"2025-02-10T17:57:11+00:00\",\"dateModified\":\"2026-08-10T16:01:44+00:00\",\"mainEntityOfPage\":{\"@id\":\"https:\\\/\\\/cimodavinha.pt\\\/en\\\/estrada-nacional-222\\\/\"},\"wordCount\":1047,\"image\":{\"@id\":\"https:\\\/\\\/cimodavinha.pt\\\/en\\\/estrada-nacional-222\\\/#primaryimage\"},\"thumbnailUrl\":\"https:\\\/\\\/cimodavinha.pt\\\/wp-content\\\/uploads\\\/2025\\\/02\\\/ESTRADANACIONAL222-1-1.jpg\",\"articleSection\":[\"R\u00e9gion\"],\"inLanguage\":\"fr-FR\"},{\"@type\":\"WebPage\",\"@id\":\"https:\\\/\\\/cimodavinha.pt\\\/en\\\/estrada-nacional-222\\\/\",\"url\":\"https:\\\/\\\/cimodavinha.pt\\\/en\\\/estrada-nacional-222\\\/\",\"name\":\"Route Nationale 222 - Guide et itin\u00e9raire complet - Cimo da Vinha\",\"isPartOf\":{\"@id\":\"https:\\\/\\\/cimodavinha.pt\\\/en\\\/#website\"},\"primaryImageOfPage\":{\"@id\":\"https:\\\/\\\/cimodavinha.pt\\\/en\\\/estrada-nacional-222\\\/#primaryimage\"},\"image\":{\"@id\":\"https:\\\/\\\/cimodavinha.pt\\\/en\\\/estrada-nacional-222\\\/#primaryimage\"},\"thumbnailUrl\":\"https:\\\/\\\/cimodavinha.pt\\\/wp-content\\\/uploads\\\/2025\\\/02\\\/ESTRADANACIONAL222-1-1.jpg\",\"datePublished\":\"2025-02-10T17:57:11+00:00\",\"dateModified\":\"2026-08-10T16:01:44+00:00\",\"author\":{\"@id\":\"https:\\\/\\\/cimodavinha.pt\\\/en\\\/#\\\/schema\\\/person\\\/02d3b102d9258c774473556a94b21aac\"},\"description\":\"Route nationale 222 (EN222) | Guide et itin\u00e9raire complet\",\"breadcrumb\":{\"@id\":\"https:\\\/\\\/cimodavinha.pt\\\/en\\\/estrada-nacional-222\\\/#breadcrumb\"},\"inLanguage\":\"fr-FR\",\"potentialAction\":[{\"@type\":\"ReadAction\",\"target\":[\"https:\\\/\\\/cimodavinha.pt\\\/en\\\/estrada-nacional-222\\\/\"]}]},{\"@type\":\"ImageObject\",\"inLanguage\":\"fr-FR\",\"@id\":\"https:\\\/\\\/cimodavinha.pt\\\/en\\\/estrada-nacional-222\\\/#primaryimage\",\"url\":\"https:\\\/\\\/cimodavinha.pt\\\/wp-content\\\/uploads\\\/2025\\\/02\\\/ESTRADANACIONAL222-1-1.jpg\",\"contentUrl\":\"https:\\\/\\\/cimodavinha.pt\\\/wp-content\\\/uploads\\\/2025\\\/02\\\/ESTRADANACIONAL222-1-1.jpg\",\"width\":1150,\"height\":550},{\"@type\":\"BreadcrumbList\",\"@id\":\"https:\\\/\\\/cimodavinha.pt\\\/en\\\/estrada-nacional-222\\\/#breadcrumb\",\"itemListElement\":[{\"@type\":\"ListItem\",\"position\":1,\"name\":\"In\u00edcio\",\"item\":\"https:\\\/\\\/cimodavinha.pt\\\/en\\\/\"},{\"@type\":\"ListItem\",\"position\":2,\"name\":\"Route Nationale 222 &#8211; Guide et itin\u00e9raire complet\"}]},{\"@type\":\"WebSite\",\"@id\":\"https:\\\/\\\/cimodavinha.pt\\\/en\\\/#website\",\"url\":\"https:\\\/\\\/cimodavinha.pt\\\/en\\\/\",\"name\":\"Cimo da Vinha\",\"description\":\"\u00c0 deux pas du Douro et du Paiva\",\"potentialAction\":[{\"@type\":\"SearchAction\",\"target\":{\"@type\":\"EntryPoint\",\"urlTemplate\":\"https:\\\/\\\/cimodavinha.pt\\\/en\\\/?s={search_term_string}\"},\"query-input\":{\"@type\":\"PropertyValueSpecification\",\"valueRequired\":true,\"valueName\":\"search_term_string\"}}],\"inLanguage\":\"fr-FR\"},{\"@type\":\"Person\",\"@id\":\"https:\\\/\\\/cimodavinha.pt\\\/en\\\/#\\\/schema\\\/person\\\/02d3b102d9258c774473556a94b21aac\",\"name\":\"Cimo da Vinha\",\"sameAs\":[\"http:\\\/\\\/cimodavinha.com\"],\"url\":\"https:\\\/\\\/cimodavinha.pt\\\/fr\\\/author\\\/cimavinha\\\/\"}]}<\/script>\n<!-- \/ Yoast SEO plugin. -->","yoast_head_json":{"title":"Route Nationale 222 - Guide et itin\u00e9raire complet - Cimo da Vinha","description":"Route nationale 222 (EN222) | Guide et itin\u00e9raire complet","robots":{"index":"index","follow":"follow","max-snippet":"max-snippet:-1","max-image-preview":"max-image-preview:large","max-video-preview":"max-video-preview:-1"},"canonical":"https:\/\/cimodavinha.pt\/en\/estrada-nacional-222\/","og_locale":"fr_FR","og_type":"article","og_title":"Estada Nacional 222 (EN222) | Guia e Roteiro Completo","og_description":"La cr\u00e9ation de la route nationale 222 (N222) \u2013 souvent consid\u00e9r\u00e9e comme l'une des plus belles au monde \u2013 \u00e9tait directement li\u00e9e \u00e0 la modernisation et \u00e0 l'extension des infrastructures de transport au Portugal, dans un contexte de besoin croissant de liaisons entre les r\u00e9gions viticoles du Douro et le reste du pays. Durant des d\u00e9cennies, la N222 a constitu\u00e9 un axe essentiel pour le transport de produits agricoles, notamment le vin de Porto, contribuant de mani\u00e8re d\u00e9cisive au d\u00e9veloppement \u00e9conomique de la r\u00e9gion.","og_url":"https:\/\/cimodavinha.pt\/en\/estrada-nacional-222\/","og_site_name":"Cimo da Vinha","article_published_time":"2025-02-10T17:57:11+00:00","article_modified_time":"2026-08-10T16:01:44+00:00","og_image":[{"width":1150,"height":550,"url":"https:\/\/cimodavinha.pt\/wp-content\/uploads\/2025\/02\/ESTRADANACIONAL222-1-1.jpg","type":"image\/jpeg"}],"author":"Cimo da Vinha","twitter_card":"summary_large_image","twitter_misc":{"\u00c9crit par":"Cimo da Vinha","Dur\u00e9e de lecture estim\u00e9e":"6 minutes"},"schema":{"@context":"https:\/\/schema.org","@graph":[{"@type":"Article","@id":"https:\/\/cimodavinha.pt\/en\/estrada-nacional-222\/#article","isPartOf":{"@id":"https:\/\/cimodavinha.pt\/en\/estrada-nacional-222\/"},"author":{"name":"Cimo da Vinha","@id":"https:\/\/cimodavinha.pt\/en\/#\/schema\/person\/02d3b102d9258c774473556a94b21aac"},"headline":"Route Nationale 222 &#8211; Guide et itin\u00e9raire complet","datePublished":"2025-02-10T17:57:11+00:00","dateModified":"2026-08-10T16:01:44+00:00","mainEntityOfPage":{"@id":"https:\/\/cimodavinha.pt\/en\/estrada-nacional-222\/"},"wordCount":1047,"image":{"@id":"https:\/\/cimodavinha.pt\/en\/estrada-nacional-222\/#primaryimage"},"thumbnailUrl":"https:\/\/cimodavinha.pt\/wp-content\/uploads\/2025\/02\/ESTRADANACIONAL222-1-1.jpg","articleSection":["R\u00e9gion"],"inLanguage":"fr-FR"},{"@type":"WebPage","@id":"https:\/\/cimodavinha.pt\/en\/estrada-nacional-222\/","url":"https:\/\/cimodavinha.pt\/en\/estrada-nacional-222\/","name":"Route Nationale 222 - Guide et itin\u00e9raire complet - Cimo da Vinha","isPartOf":{"@id":"https:\/\/cimodavinha.pt\/en\/#website"},"primaryImageOfPage":{"@id":"https:\/\/cimodavinha.pt\/en\/estrada-nacional-222\/#primaryimage"},"image":{"@id":"https:\/\/cimodavinha.pt\/en\/estrada-nacional-222\/#primaryimage"},"thumbnailUrl":"https:\/\/cimodavinha.pt\/wp-content\/uploads\/2025\/02\/ESTRADANACIONAL222-1-1.jpg","datePublished":"2025-02-10T17:57:11+00:00","dateModified":"2026-08-10T16:01:44+00:00","author":{"@id":"https:\/\/cimodavinha.pt\/en\/#\/schema\/person\/02d3b102d9258c774473556a94b21aac"},"description":"Route nationale 222 (EN222) | Guide et itin\u00e9raire complet","breadcrumb":{"@id":"https:\/\/cimodavinha.pt\/en\/estrada-nacional-222\/#breadcrumb"},"inLanguage":"fr-FR","potentialAction":[{"@type":"ReadAction","target":["https:\/\/cimodavinha.pt\/en\/estrada-nacional-222\/"]}]},{"@type":"ImageObject","inLanguage":"fr-FR","@id":"https:\/\/cimodavinha.pt\/en\/estrada-nacional-222\/#primaryimage","url":"https:\/\/cimodavinha.pt\/wp-content\/uploads\/2025\/02\/ESTRADANACIONAL222-1-1.jpg","contentUrl":"https:\/\/cimodavinha.pt\/wp-content\/uploads\/2025\/02\/ESTRADANACIONAL222-1-1.jpg","width":1150,"height":550},{"@type":"BreadcrumbList","@id":"https:\/\/cimodavinha.pt\/en\/estrada-nacional-222\/#breadcrumb","itemListElement":[{"@type":"ListItem","position":1,"name":"In\u00edcio","item":"https:\/\/cimodavinha.pt\/en\/"},{"@type":"ListItem","position":2,"name":"Route Nationale 222 &#8211; Guide et itin\u00e9raire complet"}]},{"@type":"WebSite","@id":"https:\/\/cimodavinha.pt\/en\/#website","url":"https:\/\/cimodavinha.pt\/en\/","name":"Cimo da Vinha","description":"\u00c0 deux pas du Douro et du Paiva","potentialAction":[{"@type":"SearchAction","target":{"@type":"EntryPoint","urlTemplate":"https:\/\/cimodavinha.pt\/en\/?s={search_term_string}"},"query-input":{"@type":"PropertyValueSpecification","valueRequired":true,"valueName":"search_term_string"}}],"inLanguage":"fr-FR"},{"@type":"Person","@id":"https:\/\/cimodavinha.pt\/en\/#\/schema\/person\/02d3b102d9258c774473556a94b21aac","name":"Cimo da Vinha","sameAs":["http:\/\/cimodavinha.com"],"url":"https:\/\/cimodavinha.pt\/fr\/author\/cimavinha\/"}]}},"jetpack_likes_enabled":false,"jetpack_sharing_enabled":true,"jetpack_shortlink":"https:\/\/wp.me\/pccy88-fqX","jetpack_featured_media_url":"https:\/\/cimodavinha.pt\/wp-content\/uploads\/2025\/02\/ESTRADANACIONAL222-1-1.jpg","_links":{"self":[{"href":"https:\/\/cimodavinha.pt\/fr\/wp-json\/wp\/v2\/posts\/59331","targetHints":{"allow":["GET"]}}],"collection":[{"href":"https:\/\/cimodavinha.pt\/fr\/wp-json\/wp\/v2\/posts"}],"about":[{"href":"https:\/\/cimodavinha.pt\/fr\/wp-json\/wp\/v2\/types\/post"}],"author":[{"embeddable":true,"href":"https:\/\/cimodavinha.pt\/fr\/wp-json\/wp\/v2\/users\/189882525"}],"replies":[{"embeddable":true,"href":"https:\/\/cimodavinha.pt\/fr\/wp-json\/wp\/v2\/comments?post=59331"}],"version-history":[{"count":72,"href":"https:\/\/cimodavinha.pt\/fr\/wp-json\/wp\/v2\/posts\/59331\/revisions"}],"predecessor-version":[{"id":101063,"href":"https:\/\/cimodavinha.pt\/fr\/wp-json\/wp\/v2\/posts\/59331\/revisions\/101063"}],"wp:featuredmedia":[{"embeddable":true,"href":"https:\/\/cimodavinha.pt\/fr\/wp-json\/wp\/v2\/media\/58186"}],"wp:attachment":[{"href":"https:\/\/cimodavinha.pt\/fr\/wp-json\/wp\/v2\/media?parent=59331"}],"wp:term":[{"taxonomy":"category","embeddable":true,"href":"https:\/\/cimodavinha.pt\/fr\/wp-json\/wp\/v2\/categories?post=59331"},{"taxonomy":"post_tag","embeddable":true,"href":"https:\/\/cimodavinha.pt\/fr\/wp-json\/wp\/v2\/tags?post=59331"}],"curies":[{"name":"wp","href":"https:\/\/api.w.org\/{rel}","templated":true}]}}