{"id":8074,"date":"2020-02-22T11:12:41","date_gmt":"2020-02-22T11:12:41","guid":{"rendered":"https:\/\/cimodavinha.pt\/el-rio-duero-en-castelo-de-paiva\/"},"modified":"2025-02-20T14:55:04","modified_gmt":"2025-02-20T14:55:04","slug":"el-rio-duero-en-castelo-de-paiva","status":"publish","type":"post","link":"https:\/\/cimodavinha.pt\/es\/el-rio-duero-en-castelo-de-paiva\/","title":{"rendered":"El r\u00edo Duero en Castelo de Paiva"},"content":{"rendered":"\t\t<div data-elementor-type=\"wp-post\" data-elementor-id=\"8074\" class=\"elementor elementor-8074 elementor-7773\">\n\t\t\t\t\t\t<section class=\"elementor-section elementor-top-section elementor-element elementor-element-a918424 elementor-section-boxed elementor-section-height-default elementor-section-height-default\" data-id=\"a918424\" data-element_type=\"section\" data-e-type=\"section\">\n\t\t\t\t\t\t<div class=\"elementor-container elementor-column-gap-default\">\n\t\t\t\t\t<div class=\"elementor-column elementor-col-100 elementor-top-column elementor-element elementor-element-f200f79\" data-id=\"f200f79\" data-element_type=\"column\" data-e-type=\"column\">\n\t\t\t<div class=\"elementor-widget-wrap elementor-element-populated\">\n\t\t\t\t\t\t<div class=\"elementor-element elementor-element-3e945ab elementor-widget elementor-widget-text-editor\" data-id=\"3e945ab\" data-element_type=\"widget\" data-e-type=\"widget\" data-widget_type=\"text-editor.default\">\n\t\t\t\t<div class=\"elementor-widget-container\">\n\t\t\t\t\t\t\t\t\t<p>El Duero, que nace en Espa\u00f1a a m\u00e1s de 2000 metros de altitud, es el tercer r\u00edo m\u00e1s grande de la Pen\u00ednsula Ib\u00e9rica y recorre 850 km hasta su desembocadura en Portugal, entre las ciudades de Oporto y Vila Nova de Gaia. Jug\u00f3 un papel muy importante en la econom\u00eda local, habiendo sido uno de sus principales medios de comunicaci\u00f3n.<\/p>\n<p>A pesar de que, en el pasado, el Duero era un r\u00edo peligroso y de muy dif\u00edcil navegaci\u00f3n, donde solo los barcos rabelo pod\u00edan circular para transportar las barricas de vino de Oporto, tras la construcci\u00f3n de varias presas se hizo m\u00e1s navegable, con mayor flujo, que permiti\u00f3 la proliferaci\u00f3n de cruceros y viajes tur\u00edsticos.<\/p>\n<p>Due\u00f1a de un paisaje \u00fanico e impresionante, la regi\u00f3n vin\u00edcola del Alto Douro fue considerada por el UNESCO <em>Patrimonio de la Humanidad<\/em>, en la categor\u00eda de paisaje cultural.<\/p>\n<p>Situado en el extremo norte de Castelo de Paiva, el r\u00edo Duero forma parte de la historia de la comarca y ba\u00f1a algunos de sus mayores atractivos naturales.<\/p>\n<p>El r\u00edo Duero en Castelo de Paiva:<br \/>(en orden de proximidad al <em>Cimo da Vinha<\/em>)<\/p>\n\t\t\t\t\t\t\t\t<\/div>\n\t\t\t\t<\/div>\n\t\t\t\t\t<\/div>\n\t\t<\/div>\n\t\t\t\t\t<\/div>\n\t\t<\/section>\n\t\t\t\t<section class=\"elementor-section elementor-top-section elementor-element elementor-element-47b0870 elementor-section-boxed elementor-section-height-default elementor-section-height-default\" data-id=\"47b0870\" data-element_type=\"section\" data-e-type=\"section\">\n\t\t\t\t\t\t<div class=\"elementor-container elementor-column-gap-default\">\n\t\t\t\t\t<div class=\"elementor-column elementor-col-100 elementor-top-column elementor-element elementor-element-2f8450a\" data-id=\"2f8450a\" data-element_type=\"column\" data-e-type=\"column\">\n\t\t\t<div class=\"elementor-widget-wrap elementor-element-populated\">\n\t\t\t\t\t\t<div class=\"elementor-element elementor-element-15f72ec elementor-widget elementor-widget-heading\" data-id=\"15f72ec\" data-element_type=\"widget\" data-e-type=\"widget\" data-widget_type=\"heading.default\">\n\t\t\t\t<div class=\"elementor-widget-container\">\n\t\t\t\t\t<h2 class=\"elementor-heading-title elementor-size-default\">\u00bfD\u00f3nde alojarse durante tu visita?<\/h2>\t\t\t\t<\/div>\n\t\t\t\t<\/div>\n\t\t\t\t\t<\/div>\n\t\t<\/div>\n\t\t\t\t\t<\/div>\n\t\t<\/section>\n\t\t\t\t<section class=\"elementor-section elementor-top-section elementor-element elementor-element-88b5aef elementor-section-boxed elementor-section-height-default elementor-section-height-default\" data-id=\"88b5aef\" data-element_type=\"section\" data-e-type=\"section\">\n\t\t\t\t\t\t<div class=\"elementor-container elementor-column-gap-default\">\n\t\t\t\t\t<div class=\"elementor-column elementor-col-100 elementor-top-column elementor-element elementor-element-10afc84\" data-id=\"10afc84\" data-element_type=\"column\" data-e-type=\"column\">\n\t\t\t<div class=\"elementor-widget-wrap elementor-element-populated\">\n\t\t\t\t\t\t<div class=\"elementor-element elementor-element-0acd290 elementor-widget elementor-widget-text-editor\" data-id=\"0acd290\" data-element_type=\"widget\" data-e-type=\"widget\" data-widget_type=\"text-editor.default\">\n\t\t\t\t<div class=\"elementor-widget-container\">\n\t\t\t\t\t\t\t\t\t<p>Este viaje podr\u00eda ser una oportunidad \u00fanica para pasar la noche con nosotros, en <b>Cimo da Vinha &#8211; Nature Spot<\/b>, en una de <a href=\"https:\/\/cimodavinha.pt\/es\/habitaciones\/\">nuestras Suites, Canastro o Tiendas Glamping<\/a>.<\/p>\n<p>El prestigioso portal alem\u00e1n de turismo de naturaleza Camperguru eligi\u00f3 Cimo da Vinha como uno de los <a href=\"https:\/\/camperguru.com\/top-european-glamping\/\" target=\"_blank\" rel=\"noopener\">Top Glampings europeos para visitar en 2025<\/a>.<\/p>\t\t\t\t\t\t\t\t<\/div>\n\t\t\t\t<\/div>\n\t\t\t\t\t<\/div>\n\t\t<\/div>\n\t\t\t\t\t<\/div>\n\t\t<\/section>\n\t\t\t\t<section class=\"elementor-section elementor-top-section elementor-element elementor-element-b12e915 elementor-section-boxed elementor-section-height-default elementor-section-height-default\" data-id=\"b12e915\" data-element_type=\"section\" data-e-type=\"section\">\n\t\t\t\t\t\t<div class=\"elementor-container elementor-column-gap-default\">\n\t\t\t\t\t<div class=\"elementor-column elementor-col-100 elementor-top-column elementor-element elementor-element-72274ee\" data-id=\"72274ee\" data-element_type=\"column\" data-e-type=\"column\">\n\t\t\t<div class=\"elementor-widget-wrap elementor-element-populated\">\n\t\t\t\t\t\t<div class=\"elementor-element elementor-element-7093636 elementor-widget elementor-widget-spacer\" data-id=\"7093636\" data-element_type=\"widget\" data-e-type=\"widget\" data-widget_type=\"spacer.default\">\n\t\t\t\t<div class=\"elementor-widget-container\">\n\t\t\t\t\t\t\t<div class=\"elementor-spacer\">\n\t\t\t<div class=\"elementor-spacer-inner\"><\/div>\n\t\t<\/div>\n\t\t\t\t\t\t<\/div>\n\t\t\t\t<\/div>\n\t\t\t\t\t<\/div>\n\t\t<\/div>\n\t\t\t\t\t<\/div>\n\t\t<\/section>\n\t\t\t\t<section class=\"elementor-section elementor-top-section elementor-element elementor-element-63b1830 elementor-section-boxed elementor-section-height-default elementor-section-height-default\" data-id=\"63b1830\" data-element_type=\"section\" data-e-type=\"section\">\n\t\t\t\t\t\t<div class=\"elementor-container elementor-column-gap-default\">\n\t\t\t\t\t<div class=\"elementor-column elementor-col-100 elementor-top-column elementor-element elementor-element-b3ea722\" data-id=\"b3ea722\" data-element_type=\"column\" data-e-type=\"column\">\n\t\t\t<div class=\"elementor-widget-wrap elementor-element-populated\">\n\t\t\t\t\t\t<div class=\"elementor-element elementor-element-d482bb0 elementor-widget elementor-widget-heading\" data-id=\"d482bb0\" data-element_type=\"widget\" data-e-type=\"widget\" data-widget_type=\"heading.default\">\n\t\t\t\t<div class=\"elementor-widget-container\">\n\t\t\t\t\t<h2 class=\"elementor-heading-title elementor-size-default\">Isla dos Amores y Playa de Castelo<\/h2>\t\t\t\t<\/div>\n\t\t\t\t<\/div>\n\t\t\t\t\t<\/div>\n\t\t<\/div>\n\t\t\t\t\t<\/div>\n\t\t<\/section>\n\t\t\t\t<section class=\"elementor-section elementor-top-section elementor-element elementor-element-e20e204 elementor-section-boxed elementor-section-height-default elementor-section-height-default\" data-id=\"e20e204\" data-element_type=\"section\" data-e-type=\"section\">\n\t\t\t\t\t\t<div class=\"elementor-container elementor-column-gap-default\">\n\t\t\t\t\t<div class=\"elementor-column elementor-col-50 elementor-top-column elementor-element elementor-element-de5822c\" data-id=\"de5822c\" data-element_type=\"column\" data-e-type=\"column\">\n\t\t\t<div class=\"elementor-widget-wrap elementor-element-populated\">\n\t\t\t\t\t\t<div class=\"elementor-element elementor-element-9754e7e elementor-widget elementor-widget-text-editor\" data-id=\"9754e7e\" data-element_type=\"widget\" data-e-type=\"widget\" data-widget_type=\"text-editor.default\">\n\t\t\t\t<div class=\"elementor-widget-container\">\n\t\t\t\t\t\t\t\t\t<p><strong><img decoding=\"async\" class=\"alignnone size-full wp-image-7565\" src=\"https:\/\/cimodavinha.pt\/wp-content\/uploads\/2021\/04\/leaf-icon.png\" alt=\"\" width=\"12\" height=\"12\" \/> Distancia a <i>Cimo da Vinha<\/i>: <\/strong>12 km<strong><br \/><\/strong><\/p>\t\t\t\t\t\t\t\t<\/div>\n\t\t\t\t<\/div>\n\t\t\t\t\t<\/div>\n\t\t<\/div>\n\t\t\t\t<div class=\"elementor-column elementor-col-50 elementor-top-column elementor-element elementor-element-1ef73f3\" data-id=\"1ef73f3\" data-element_type=\"column\" data-e-type=\"column\">\n\t\t\t<div class=\"elementor-widget-wrap elementor-element-populated\">\n\t\t\t\t\t\t<div class=\"elementor-element elementor-element-8f2eb01 elementor-widget elementor-widget-text-editor\" data-id=\"8f2eb01\" data-element_type=\"widget\" data-e-type=\"widget\" data-widget_type=\"text-editor.default\">\n\t\t\t\t<div class=\"elementor-widget-container\">\n\t\t\t\t\t\t\t\t\t<p><strong><img decoding=\"async\" class=\"alignnone size-full wp-image-7594\" src=\"https:\/\/cimodavinha.pt\/wp-content\/uploads\/2021\/04\/wheniconpng.png\" alt=\"\" width=\"12\" height=\"12\" \/> Todo el a\u00f1o <\/strong>(el Verano invita a bucear)<strong><br \/><\/strong><\/p>\t\t\t\t\t\t\t\t<\/div>\n\t\t\t\t<\/div>\n\t\t\t\t\t<\/div>\n\t\t<\/div>\n\t\t\t\t\t<\/div>\n\t\t<\/section>\n\t\t\t\t<section class=\"elementor-section elementor-top-section elementor-element elementor-element-507a692 elementor-section-boxed elementor-section-height-default elementor-section-height-default\" data-id=\"507a692\" data-element_type=\"section\" data-e-type=\"section\">\n\t\t\t\t\t\t<div class=\"elementor-container elementor-column-gap-default\">\n\t\t\t\t\t<div class=\"elementor-column elementor-col-100 elementor-top-column elementor-element elementor-element-74ccdff\" data-id=\"74ccdff\" data-element_type=\"column\" data-e-type=\"column\">\n\t\t\t<div class=\"elementor-widget-wrap elementor-element-populated\">\n\t\t\t\t\t\t<div class=\"elementor-element elementor-element-931cec7 elementor-widget elementor-widget-image\" data-id=\"931cec7\" data-element_type=\"widget\" data-e-type=\"widget\" data-widget_type=\"image.default\">\n\t\t\t\t<div class=\"elementor-widget-container\">\n\t\t\t\t\t\t\t\t\t\t\t\t<figure class=\"wp-caption\">\n\t\t\t\t\t\t\t\t\t\t<img decoding=\"async\" src=\"https:\/\/cimodavinha.pt\/wp-content\/uploads\/2021\/04\/ilha-dos-amores.jpg\" title=\"ilha dos amores\" alt=\"Ilha dos Amores - Castelo de Paiva\" loading=\"lazy\" \/>\t\t\t\t\t\t\t\t\t\t\t<figcaption class=\"widget-image-caption wp-caption-text\">\u00a9 foto por Litoral Magazine<\/figcaption>\n\t\t\t\t\t\t\t\t\t\t<\/figure>\n\t\t\t\t\t\t\t\t\t<\/div>\n\t\t\t\t<\/div>\n\t\t\t\t\t<\/div>\n\t\t<\/div>\n\t\t\t\t\t<\/div>\n\t\t<\/section>\n\t\t\t\t<section class=\"elementor-section elementor-top-section elementor-element elementor-element-ce526a4 elementor-section-boxed elementor-section-height-default elementor-section-height-default\" data-id=\"ce526a4\" data-element_type=\"section\" data-e-type=\"section\">\n\t\t\t\t\t\t<div class=\"elementor-container elementor-column-gap-default\">\n\t\t\t\t\t<div class=\"elementor-column elementor-col-100 elementor-top-column elementor-element elementor-element-3f4c5b6\" data-id=\"3f4c5b6\" data-element_type=\"column\" data-e-type=\"column\">\n\t\t\t<div class=\"elementor-widget-wrap elementor-element-populated\">\n\t\t\t\t\t\t<div class=\"elementor-element elementor-element-520ada6 elementor-widget elementor-widget-text-editor\" data-id=\"520ada6\" data-element_type=\"widget\" data-e-type=\"widget\" data-widget_type=\"text-editor.default\">\n\t\t\t\t<div class=\"elementor-widget-container\">\n\t\t\t\t\t\t\t\t\t<p>Ubicado en la desembocadura del <strong>rio Paiva<\/strong> y envuelto en leyendas de t\u00faneles y nobles, la <strong>isla dos Amores<\/strong> es uno de los <em>ex libris<\/em> naturales de la regi\u00f3n. Una peque\u00f1a isla desierta en medio de <strong>Duero<\/strong> donde el aislamiento hizo que la vegetaci\u00f3n aut\u00f3ctona permaneciera casi intacta con imponentes y viejos pinos, robles, olivos, fresnos, alisos, juncos y tamariscos. Vis\u00edtelo en kayak y barco o contemple desde la <strong>playa y muelle de Castelo<\/strong> donde tambi\u00e9n podr\u00e1 relajarse en la playa o en la terraza.<\/p>\n\t\t\t\t\t\t\t\t<\/div>\n\t\t\t\t<\/div>\n\t\t\t\t\t<\/div>\n\t\t<\/div>\n\t\t\t\t\t<\/div>\n\t\t<\/section>\n\t\t\t\t<section class=\"elementor-section elementor-top-section elementor-element elementor-element-cb990fa elementor-section-boxed elementor-section-height-default elementor-section-height-default\" data-id=\"cb990fa\" data-element_type=\"section\" data-e-type=\"section\">\n\t\t\t\t\t\t<div class=\"elementor-container elementor-column-gap-default\">\n\t\t\t\t\t<div class=\"elementor-column elementor-col-100 elementor-top-column elementor-element elementor-element-b24d52a\" data-id=\"b24d52a\" data-element_type=\"column\" data-e-type=\"column\">\n\t\t\t<div class=\"elementor-widget-wrap elementor-element-populated\">\n\t\t\t\t\t\t<div class=\"elementor-element elementor-element-364f4f7 elementor-widget elementor-widget-heading\" data-id=\"364f4f7\" data-element_type=\"widget\" data-e-type=\"widget\" data-widget_type=\"heading.default\">\n\t\t\t\t<div class=\"elementor-widget-container\">\n\t\t\t\t\t<h2 class=\"elementor-heading-title elementor-size-default\">Pueblos de esquisto de Gondar\u00e9m e Mid\u00f5es<\/h2>\t\t\t\t<\/div>\n\t\t\t\t<\/div>\n\t\t\t\t\t<\/div>\n\t\t<\/div>\n\t\t\t\t\t<\/div>\n\t\t<\/section>\n\t\t\t\t<section class=\"elementor-section elementor-top-section elementor-element elementor-element-e740d47 elementor-section-boxed elementor-section-height-default elementor-section-height-default\" data-id=\"e740d47\" data-element_type=\"section\" data-e-type=\"section\">\n\t\t\t\t\t\t<div class=\"elementor-container elementor-column-gap-default\">\n\t\t\t\t\t<div class=\"elementor-column elementor-col-50 elementor-top-column elementor-element elementor-element-9da2aaa\" data-id=\"9da2aaa\" data-element_type=\"column\" data-e-type=\"column\">\n\t\t\t<div class=\"elementor-widget-wrap elementor-element-populated\">\n\t\t\t\t\t\t<div class=\"elementor-element elementor-element-f583f7f elementor-widget elementor-widget-text-editor\" data-id=\"f583f7f\" data-element_type=\"widget\" data-e-type=\"widget\" data-widget_type=\"text-editor.default\">\n\t\t\t\t<div class=\"elementor-widget-container\">\n\t\t\t\t\t\t\t\t\t<p><strong><img decoding=\"async\" class=\"alignnone size-full wp-image-7565\" src=\"https:\/\/cimodavinha.pt\/wp-content\/uploads\/2021\/04\/leaf-icon.png\" alt=\"\" width=\"12\" height=\"12\" \/> Distancia a <i>Cimo da Vinha<\/i>:\u00a0 <\/strong><span style=\"color: #4ec5a5;\"><strong>A<\/strong><\/span> 13 km | <span style=\"color: #4ec5a5;\"><strong>B<\/strong><\/span> 14 km<strong><br \/><\/strong><\/p>\t\t\t\t\t\t\t\t<\/div>\n\t\t\t\t<\/div>\n\t\t\t\t\t<\/div>\n\t\t<\/div>\n\t\t\t\t<div class=\"elementor-column elementor-col-50 elementor-top-column elementor-element elementor-element-ae5dcc7\" data-id=\"ae5dcc7\" data-element_type=\"column\" data-e-type=\"column\">\n\t\t\t<div class=\"elementor-widget-wrap elementor-element-populated\">\n\t\t\t\t\t\t<div class=\"elementor-element elementor-element-bb5ef2e elementor-widget elementor-widget-text-editor\" data-id=\"bb5ef2e\" data-element_type=\"widget\" data-e-type=\"widget\" data-widget_type=\"text-editor.default\">\n\t\t\t\t<div class=\"elementor-widget-container\">\n\t\t\t\t\t\t\t\t\t<p><strong><img decoding=\"async\" class=\"alignnone size-full wp-image-7594\" src=\"https:\/\/cimodavinha.pt\/wp-content\/uploads\/2021\/04\/wheniconpng.png\" alt=\"\" width=\"12\" height=\"12\"> Todo el a\u00f1o <\/strong><strong><br \/><\/strong><\/p>\n\t\t\t\t\t\t\t\t<\/div>\n\t\t\t\t<\/div>\n\t\t\t\t\t<\/div>\n\t\t<\/div>\n\t\t\t\t\t<\/div>\n\t\t<\/section>\n\t\t\t\t<section class=\"elementor-section elementor-top-section elementor-element elementor-element-06574ab elementor-section-boxed elementor-section-height-default elementor-section-height-default\" data-id=\"06574ab\" data-element_type=\"section\" data-e-type=\"section\">\n\t\t\t\t\t\t<div class=\"elementor-container elementor-column-gap-default\">\n\t\t\t\t\t<div class=\"elementor-column elementor-col-100 elementor-top-column elementor-element elementor-element-8ca1295\" data-id=\"8ca1295\" data-element_type=\"column\" data-e-type=\"column\">\n\t\t\t<div class=\"elementor-widget-wrap elementor-element-populated\">\n\t\t\t\t\t\t<div class=\"elementor-element elementor-element-30cf76f elementor-widget elementor-widget-image\" data-id=\"30cf76f\" data-element_type=\"widget\" data-e-type=\"widget\" data-widget_type=\"image.default\">\n\t\t\t\t<div class=\"elementor-widget-container\">\n\t\t\t\t\t\t\t\t\t\t\t\t<figure class=\"wp-caption\">\n\t\t\t\t\t\t\t\t\t\t<img decoding=\"async\" src=\"https:\/\/cimodavinha.pt\/wp-content\/uploads\/2021\/04\/midoes.jpg\" title=\"midoes\" alt=\"aldeia de xisto de Mid\u00f5es - Castelo de Paiva\" loading=\"lazy\" \/>\t\t\t\t\t\t\t\t\t\t\t<figcaption class=\"widget-image-caption wp-caption-text\">Mid\u00f5es \u00a9 foto por Montanhas M\u00e1gicas<\/figcaption>\n\t\t\t\t\t\t\t\t\t\t<\/figure>\n\t\t\t\t\t\t\t\t\t<\/div>\n\t\t\t\t<\/div>\n\t\t\t\t\t<\/div>\n\t\t<\/div>\n\t\t\t\t\t<\/div>\n\t\t<\/section>\n\t\t\t\t<section class=\"elementor-section elementor-top-section elementor-element elementor-element-1e141df elementor-section-boxed elementor-section-height-default elementor-section-height-default\" data-id=\"1e141df\" data-element_type=\"section\" data-e-type=\"section\">\n\t\t\t\t\t\t<div class=\"elementor-container elementor-column-gap-default\">\n\t\t\t\t\t<div class=\"elementor-column elementor-col-100 elementor-top-column elementor-element elementor-element-0ba9a70\" data-id=\"0ba9a70\" data-element_type=\"column\" data-e-type=\"column\">\n\t\t\t<div class=\"elementor-widget-wrap elementor-element-populated\">\n\t\t\t\t\t\t<div class=\"elementor-element elementor-element-e7d6a79 elementor-widget elementor-widget-text-editor\" data-id=\"e7d6a79\" data-element_type=\"widget\" data-e-type=\"widget\" data-widget_type=\"text-editor.default\">\n\t\t\t\t<div class=\"elementor-widget-container\">\n\t\t\t\t\t\t\t\t\t<p>Dos de las m\u00e1s bellas y antiguas <strong>pueblos a orillas del Duero<\/strong>, en Castelo de Paiva. <span style=\"color: #4ec5a5;\"><strong>A<\/strong><\/span>) Gondar\u00e9m tiene una disposici\u00f3n tiene m\u00e1s <strong>r\u00fastico y lleno de naturaleza<\/strong>, donde viejas casas de esquisto y campos que siguen el bosque, desfilan por la ribera . Incluso al lado, <span style=\"color: #4ec5a5;\"><strong>B<\/strong><\/span>) Mid\u00f5es tiene una vista impresionante con un inmenso \u00abvi\u00f1edo colgado\u00bb y un <strong>muelle id\u00edlico<\/strong> en el Duero con varias casas y propiedades antiguas, que se elevan desde el lugar de arriba.<\/p>\n\t\t\t\t\t\t\t\t<\/div>\n\t\t\t\t<\/div>\n\t\t\t\t\t<\/div>\n\t\t<\/div>\n\t\t\t\t\t<\/div>\n\t\t<\/section>\n\t\t\t\t<section class=\"elementor-section elementor-top-section elementor-element elementor-element-cbd57c4 elementor-section-boxed elementor-section-height-default elementor-section-height-default\" data-id=\"cbd57c4\" data-element_type=\"section\" data-e-type=\"section\">\n\t\t\t\t\t\t<div class=\"elementor-container elementor-column-gap-default\">\n\t\t\t\t\t<div class=\"elementor-column elementor-col-100 elementor-top-column elementor-element elementor-element-358deb6\" data-id=\"358deb6\" data-element_type=\"column\" data-e-type=\"column\">\n\t\t\t<div class=\"elementor-widget-wrap elementor-element-populated\">\n\t\t\t\t\t\t<div class=\"elementor-element elementor-element-8e2cc94 elementor-widget elementor-widget-heading\" data-id=\"8e2cc94\" data-element_type=\"widget\" data-e-type=\"widget\" data-widget_type=\"heading.default\">\n\t\t\t\t<div class=\"elementor-widget-container\">\n\t\t\t\t\t<h2 class=\"elementor-heading-title elementor-size-default\">Muelle de Boure y Rio Sardoura<\/h2>\t\t\t\t<\/div>\n\t\t\t\t<\/div>\n\t\t\t\t\t<\/div>\n\t\t<\/div>\n\t\t\t\t\t<\/div>\n\t\t<\/section>\n\t\t\t\t<section class=\"elementor-section elementor-top-section elementor-element elementor-element-a5ca2ab elementor-section-boxed elementor-section-height-default elementor-section-height-default\" data-id=\"a5ca2ab\" data-element_type=\"section\" data-e-type=\"section\">\n\t\t\t\t\t\t<div class=\"elementor-container elementor-column-gap-default\">\n\t\t\t\t\t<div class=\"elementor-column elementor-col-50 elementor-top-column elementor-element elementor-element-1a00bd1\" data-id=\"1a00bd1\" data-element_type=\"column\" data-e-type=\"column\">\n\t\t\t<div class=\"elementor-widget-wrap elementor-element-populated\">\n\t\t\t\t\t\t<div class=\"elementor-element elementor-element-5d1961f elementor-widget elementor-widget-text-editor\" data-id=\"5d1961f\" data-element_type=\"widget\" data-e-type=\"widget\" data-widget_type=\"text-editor.default\">\n\t\t\t\t<div class=\"elementor-widget-container\">\n\t\t\t\t\t\t\t\t\t<p><strong><img decoding=\"async\" class=\"alignnone size-full wp-image-7565\" src=\"https:\/\/cimodavinha.pt\/wp-content\/uploads\/2021\/04\/leaf-icon.png\" alt=\"\" width=\"12\" height=\"12\" \/> Distancia a <i>Cimo da Vinha<\/i>: <\/strong>14 km<strong><br \/><\/strong><\/p>\t\t\t\t\t\t\t\t<\/div>\n\t\t\t\t<\/div>\n\t\t\t\t\t<\/div>\n\t\t<\/div>\n\t\t\t\t<div class=\"elementor-column elementor-col-50 elementor-top-column elementor-element elementor-element-ae30929\" data-id=\"ae30929\" data-element_type=\"column\" data-e-type=\"column\">\n\t\t\t<div class=\"elementor-widget-wrap elementor-element-populated\">\n\t\t\t\t\t\t<div class=\"elementor-element elementor-element-4e63d5a elementor-widget elementor-widget-text-editor\" data-id=\"4e63d5a\" data-element_type=\"widget\" data-e-type=\"widget\" data-widget_type=\"text-editor.default\">\n\t\t\t\t<div class=\"elementor-widget-container\">\n\t\t\t\t\t\t\t\t\t<p><strong><img decoding=\"async\" class=\"alignnone size-full wp-image-7594\" src=\"https:\/\/cimodavinha.pt\/wp-content\/uploads\/2021\/04\/wheniconpng.png\" alt=\"\" width=\"12\" height=\"12\"> Todo el a\u00f1o <\/strong><strong><br \/><\/strong><\/p>\n\t\t\t\t\t\t\t\t<\/div>\n\t\t\t\t<\/div>\n\t\t\t\t\t<\/div>\n\t\t<\/div>\n\t\t\t\t\t<\/div>\n\t\t<\/section>\n\t\t\t\t<section class=\"elementor-section elementor-top-section elementor-element elementor-element-34c5795 elementor-section-boxed elementor-section-height-default elementor-section-height-default\" data-id=\"34c5795\" data-element_type=\"section\" data-e-type=\"section\">\n\t\t\t\t\t\t<div class=\"elementor-container elementor-column-gap-default\">\n\t\t\t\t\t<div class=\"elementor-column elementor-col-100 elementor-top-column elementor-element elementor-element-f790141\" data-id=\"f790141\" data-element_type=\"column\" data-e-type=\"column\">\n\t\t\t<div class=\"elementor-widget-wrap elementor-element-populated\">\n\t\t\t\t\t\t<div class=\"elementor-element elementor-element-f61f996 elementor-widget elementor-widget-image\" data-id=\"f61f996\" data-element_type=\"widget\" data-e-type=\"widget\" data-widget_type=\"image.default\">\n\t\t\t\t<div class=\"elementor-widget-container\">\n\t\t\t\t\t\t\t\t\t\t\t\t<figure class=\"wp-caption\">\n\t\t\t\t\t\t\t\t\t\t<img decoding=\"async\" src=\"https:\/\/cimodavinha.pt\/wp-content\/uploads\/2021\/04\/parque-do-gramao.jpg\" title=\"parque do gramao\" alt=\"Parque do Gram\u00e3o- Castelo de Paiva\" loading=\"lazy\" \/>\t\t\t\t\t\t\t\t\t\t\t<figcaption class=\"widget-image-caption wp-caption-text\">Parque del Gram\u00e3o \u00a9 foto por Rota do Rom\u00e2nico<\/figcaption>\n\t\t\t\t\t\t\t\t\t\t<\/figure>\n\t\t\t\t\t\t\t\t\t<\/div>\n\t\t\t\t<\/div>\n\t\t\t\t\t<\/div>\n\t\t<\/div>\n\t\t\t\t\t<\/div>\n\t\t<\/section>\n\t\t\t\t<section class=\"elementor-section elementor-top-section elementor-element elementor-element-245f204 elementor-section-boxed elementor-section-height-default elementor-section-height-default\" data-id=\"245f204\" data-element_type=\"section\" data-e-type=\"section\">\n\t\t\t\t\t\t<div class=\"elementor-container elementor-column-gap-default\">\n\t\t\t\t\t<div class=\"elementor-column elementor-col-100 elementor-top-column elementor-element elementor-element-7cae580\" data-id=\"7cae580\" data-element_type=\"column\" data-e-type=\"column\">\n\t\t\t<div class=\"elementor-widget-wrap elementor-element-populated\">\n\t\t\t\t\t\t<div class=\"elementor-element elementor-element-300acf3 elementor-widget elementor-widget-text-editor\" data-id=\"300acf3\" data-element_type=\"widget\" data-e-type=\"widget\" data-widget_type=\"text-editor.default\">\n\t\t\t\t<div class=\"elementor-widget-container\">\n\t\t\t\t\t\t\t\t\t<p>Junto al puente Entre-os-Rios en Sardoura, este muelle recientemente revitalizado tiene una vista casi infinita sobre los <strong>rios Duero y T\u00e2mega<\/strong>. Justo al lado tambi\u00e9n puede visitar el <strong>\u00c1ngel de bronce<\/strong>, ba\u00f1ado en oro, de 12 metros que se erigi\u00f3 en homenaje a las v\u00edctimas de la ca\u00edda del puente Hintze Ribeiro. Tambi\u00e9n al lado, conozca la desembocadura del r\u00edo Sardoura, donde la Junta local con el apoyo de voluntarios cre\u00f3 un acceso a la peque\u00f1a playa de <strong>Parque del Gram\u00e3o<\/strong>. Finalmente, disfrute y cruce a la otra orilla del Duero y visite la zona hist\u00f3rica de Entre-os-Rios, ya en Penafiel, y del\u00e9itese con los famosos restaurantes locales.<\/p>\n\t\t\t\t\t\t\t\t<\/div>\n\t\t\t\t<\/div>\n\t\t\t\t\t<\/div>\n\t\t<\/div>\n\t\t\t\t\t<\/div>\n\t\t<\/section>\n\t\t\t\t<section class=\"elementor-section elementor-top-section elementor-element elementor-element-6fbf903 elementor-section-boxed elementor-section-height-default elementor-section-height-default\" data-id=\"6fbf903\" data-element_type=\"section\" data-e-type=\"section\">\n\t\t\t\t\t\t<div class=\"elementor-container elementor-column-gap-default\">\n\t\t\t\t\t<div class=\"elementor-column elementor-col-100 elementor-top-column elementor-element elementor-element-084ad0d\" data-id=\"084ad0d\" data-element_type=\"column\" data-e-type=\"column\">\n\t\t\t<div class=\"elementor-widget-wrap elementor-element-populated\">\n\t\t\t\t\t\t<div class=\"elementor-element elementor-element-b1b6a1d elementor-widget elementor-widget-heading\" data-id=\"b1b6a1d\" data-element_type=\"widget\" data-e-type=\"widget\" data-widget_type=\"heading.default\">\n\t\t\t\t<div class=\"elementor-widget-container\">\n\t\t\t\t\t<h2 class=\"elementor-heading-title elementor-size-default\">Playa de Choupal y Rio Arda<\/h2>\t\t\t\t<\/div>\n\t\t\t\t<\/div>\n\t\t\t\t\t<\/div>\n\t\t<\/div>\n\t\t\t\t\t<\/div>\n\t\t<\/section>\n\t\t\t\t<section class=\"elementor-section elementor-top-section elementor-element elementor-element-5f7845c elementor-section-boxed elementor-section-height-default elementor-section-height-default\" data-id=\"5f7845c\" data-element_type=\"section\" data-e-type=\"section\">\n\t\t\t\t\t\t<div class=\"elementor-container elementor-column-gap-default\">\n\t\t\t\t\t<div class=\"elementor-column elementor-col-50 elementor-top-column elementor-element elementor-element-ed9d880\" data-id=\"ed9d880\" data-element_type=\"column\" data-e-type=\"column\">\n\t\t\t<div class=\"elementor-widget-wrap elementor-element-populated\">\n\t\t\t\t\t\t<div class=\"elementor-element elementor-element-6df4953 elementor-widget elementor-widget-text-editor\" data-id=\"6df4953\" data-element_type=\"widget\" data-e-type=\"widget\" data-widget_type=\"text-editor.default\">\n\t\t\t\t<div class=\"elementor-widget-container\">\n\t\t\t\t\t\t\t\t\t<p><strong><img decoding=\"async\" class=\"alignnone size-full wp-image-7565\" src=\"https:\/\/cimodavinha.pt\/wp-content\/uploads\/2021\/04\/leaf-icon.png\" alt=\"\" width=\"12\" height=\"12\" \/> Distancia a <i>Cimo da Vinha<\/i>: <\/strong>17 km<strong><br \/><\/strong><\/p>\t\t\t\t\t\t\t\t<\/div>\n\t\t\t\t<\/div>\n\t\t\t\t\t<\/div>\n\t\t<\/div>\n\t\t\t\t<div class=\"elementor-column elementor-col-50 elementor-top-column elementor-element elementor-element-7d7bd45\" data-id=\"7d7bd45\" data-element_type=\"column\" data-e-type=\"column\">\n\t\t\t<div class=\"elementor-widget-wrap elementor-element-populated\">\n\t\t\t\t\t\t<div class=\"elementor-element elementor-element-7547881 elementor-widget elementor-widget-text-editor\" data-id=\"7547881\" data-element_type=\"widget\" data-e-type=\"widget\" data-widget_type=\"text-editor.default\">\n\t\t\t\t<div class=\"elementor-widget-container\">\n\t\t\t\t\t\t\t\t\t<p><strong><img decoding=\"async\" class=\"alignnone size-full wp-image-7594\" src=\"https:\/\/cimodavinha.pt\/wp-content\/uploads\/2021\/04\/wheniconpng.png\" alt=\"\" width=\"12\" height=\"12\" \/> Todo el a\u00f1o <\/strong>(el Verano invita a bucear)<strong><br \/><\/strong><\/p>\t\t\t\t\t\t\t\t<\/div>\n\t\t\t\t<\/div>\n\t\t\t\t\t<\/div>\n\t\t<\/div>\n\t\t\t\t\t<\/div>\n\t\t<\/section>\n\t\t\t\t<section class=\"elementor-section elementor-top-section elementor-element elementor-element-602f6b8 elementor-section-boxed elementor-section-height-default elementor-section-height-default\" data-id=\"602f6b8\" data-element_type=\"section\" data-e-type=\"section\">\n\t\t\t\t\t\t<div class=\"elementor-container elementor-column-gap-default\">\n\t\t\t\t\t<div class=\"elementor-column elementor-col-100 elementor-top-column elementor-element elementor-element-ecf7b77\" data-id=\"ecf7b77\" data-element_type=\"column\" data-e-type=\"column\">\n\t\t\t<div class=\"elementor-widget-wrap elementor-element-populated\">\n\t\t\t\t\t\t<div class=\"elementor-element elementor-element-51e4565 elementor-widget elementor-widget-image\" data-id=\"51e4565\" data-element_type=\"widget\" data-e-type=\"widget\" data-widget_type=\"image.default\">\n\t\t\t\t<div class=\"elementor-widget-container\">\n\t\t\t\t\t\t\t\t\t\t\t\t<figure class=\"wp-caption\">\n\t\t\t\t\t\t\t\t\t\t<img decoding=\"async\" src=\"https:\/\/cimodavinha.pt\/wp-content\/uploads\/2021\/04\/praia-do-choupal.jpg\" title=\"praia do choupal\" alt=\"Praia do Choupal - Castelo de Paiva\" loading=\"lazy\" \/>\t\t\t\t\t\t\t\t\t\t\t<figcaption class=\"widget-image-caption wp-caption-text\">\u00a9 foto por C\u00e2mara Municipal de Castelo de Paiva<\/figcaption>\n\t\t\t\t\t\t\t\t\t\t<\/figure>\n\t\t\t\t\t\t\t\t\t<\/div>\n\t\t\t\t<\/div>\n\t\t\t\t\t<\/div>\n\t\t<\/div>\n\t\t\t\t\t<\/div>\n\t\t<\/section>\n\t\t\t\t<section class=\"elementor-section elementor-top-section elementor-element elementor-element-1fd0147 elementor-section-boxed elementor-section-height-default elementor-section-height-default\" data-id=\"1fd0147\" data-element_type=\"section\" data-e-type=\"section\">\n\t\t\t\t\t\t<div class=\"elementor-container elementor-column-gap-default\">\n\t\t\t\t\t<div class=\"elementor-column elementor-col-100 elementor-top-column elementor-element elementor-element-254b98c\" data-id=\"254b98c\" data-element_type=\"column\" data-e-type=\"column\">\n\t\t\t<div class=\"elementor-widget-wrap elementor-element-populated\">\n\t\t\t\t\t\t<div class=\"elementor-element elementor-element-4f7f7c8 elementor-widget elementor-widget-text-editor\" data-id=\"4f7f7c8\" data-element_type=\"widget\" data-e-type=\"widget\" data-widget_type=\"text-editor.default\">\n\t\t\t\t<div class=\"elementor-widget-container\">\n\t\t\t\t\t\t\t\t\t<p>En la desembocadura de Arda, a la sombra de imponentes chopos, la vasta playa invita a tomar el sol y darse un chapuz\u00f3n en el <strong>Duero<\/strong>. Una zona de ocio fresca y acogedora, en armon\u00eda con la naturaleza, tambi\u00e9n es conocida por tener restaurantes tradicionales que sirven<strong>tapas<\/strong> todo el d\u00eda con vistas al <strong>rio<\/strong> <strong>Arda <\/strong>y para la vieja <strong>puente de tren de 1893 <\/strong>das Minas de Pej\u00e3o. Recientemente, con la construcci\u00f3n de la ruta <em>Vivir el Duero<\/em>, el espacio se equip\u00f3 con un nuevo bar \/ terraza justo encima del r\u00edo. Para obtener una foto impresionante del Duero, explore los alrededores y haga un plan desde la cima del Monte de S. Domingos o desde la iglesia de Raiva.<\/p>\n\t\t\t\t\t\t\t\t<\/div>\n\t\t\t\t<\/div>\n\t\t\t\t\t<\/div>\n\t\t<\/div>\n\t\t\t\t\t<\/div>\n\t\t<\/section>\n\t\t\t\t<section class=\"elementor-section elementor-top-section elementor-element elementor-element-46bf596 elementor-section-boxed elementor-section-height-default elementor-section-height-default\" data-id=\"46bf596\" data-element_type=\"section\" data-e-type=\"section\">\n\t\t\t\t\t\t<div class=\"elementor-container elementor-column-gap-default\">\n\t\t\t\t\t<div class=\"elementor-column elementor-col-100 elementor-top-column elementor-element elementor-element-4c50025\" data-id=\"4c50025\" data-element_type=\"column\" data-e-type=\"column\">\n\t\t\t<div class=\"elementor-widget-wrap elementor-element-populated\">\n\t\t\t\t\t\t<div class=\"elementor-element elementor-element-ba338ca elementor-widget elementor-widget-text-editor\" data-id=\"ba338ca\" data-element_type=\"widget\" data-e-type=\"widget\" data-widget_type=\"text-editor.default\">\n\t\t\t\t<div class=\"elementor-widget-container\">\n\t\t\t\t\t\t\t\t\t<p><em> <span style=\"color: #999999;\"> foto de capa<\/span> <span style=\"color: #999999;\">\u00a9 RotaDoDouro.pt<\/span><\/em><\/p>\n\t\t\t\t\t\t\t\t<\/div>\n\t\t\t\t<\/div>\n\t\t\t\t<div class=\"elementor-element elementor-element-501fb84 elementor-widget elementor-widget-html\" data-id=\"501fb84\" data-element_type=\"widget\" data-e-type=\"widget\" data-widget_type=\"html.default\">\n\t\t\t\t<div class=\"elementor-widget-container\">\n\t\t\t\t\t<script type=\"application\/ld+json\">\r\n{\r\n  \"@context\": \"https:\/\/schema.org\/\",\r\n  \"@type\": \"Article\",\r\n  \"mainEntityOfPage\": {\r\n    \"@type\": \"WebPage\",\r\n    \"@id\": \"https:\/\/cimodavinha.pt\/es\/el-rio-duero-en-castelo-de-paiva\/\"\r\n  },\r\n  \"headline\": \"El r\u00edo Duero en Castelo de Paiva\",\r\n  \"image\": {\r\n    \"@type\": \"ImageObject\",\r\n    \"url\": \"\",\r\n    \"width\": \"\",\r\n    \"height\": \"\"\r\n  },\r\n  \"author\": {\r\n    \"@type\": \"Organization\",\r\n    \"name\": \"Cimo da Vinha - Nature Spot\"\r\n  },\r\n  \"publisher\": {\r\n    \"@type\": \"Organization\",\r\n    \"name\": \"\",\r\n    \"logo\": {\r\n      \"@type\": \"ImageObject\",\r\n      \"url\": \"\",\r\n      \"width\": \"\",\r\n      \"height\": \"\"\r\n    }\r\n  },\r\n  \"datePublished\": \"\"\r\n}\r\n<\/script>\t\t\t\t<\/div>\n\t\t\t\t<\/div>\n\t\t\t\t\t<\/div>\n\t\t<\/div>\n\t\t\t\t\t<\/div>\n\t\t<\/section>\n\t\t\t\t<section class=\"elementor-section elementor-top-section elementor-element elementor-element-938cb57 elementor-section-boxed elementor-section-height-default elementor-section-height-default\" data-id=\"938cb57\" data-element_type=\"section\" data-e-type=\"section\">\n\t\t\t\t\t\t<div class=\"elementor-container elementor-column-gap-default\">\n\t\t\t\t\t<div class=\"elementor-column elementor-col-100 elementor-top-column elementor-element elementor-element-888ea5e\" data-id=\"888ea5e\" data-element_type=\"column\" data-e-type=\"column\">\n\t\t\t<div class=\"elementor-widget-wrap elementor-element-populated\">\n\t\t\t\t\t\t<div class=\"elementor-element elementor-element-52f1b02 elementor-widget elementor-widget-text-editor\" data-id=\"52f1b02\" data-element_type=\"widget\" data-e-type=\"widget\" data-widget_type=\"text-editor.default\">\n\t\t\t\t<div class=\"elementor-widget-container\">\n\t\t\t\t\t\t\t\t\t<p><strong><img loading=\"lazy\" decoding=\"async\" class=\"alignnone size-full wp-image-7565\" src=\"https:\/\/cimodavinha.pt\/wp-content\/uploads\/2021\/04\/leaf-icon.png\" alt=\"\" width=\"12\" height=\"12\"> SOBRE EL AUTOR<\/strong><\/p>\n<p><em>Cimo da Vinha<\/em> es un resort de Turismo de Naturaleza en Castelo de Paiva, entre los r\u00edos Paiva y Duero. Su equipo est\u00e1 formado \u00edntegramente por trabajadores locales con un profundo conocimiento de la geograf\u00eda regional y sus tradiciones. Esta comprensi\u00f3n del territorio est\u00e1 al servicio no s\u00f3lo de nuestros hu\u00e9spedes sino tambi\u00e9n de este Blog.<\/p>\t\t\t\t\t\t\t\t<\/div>\n\t\t\t\t<\/div>\n\t\t\t\t\t<\/div>\n\t\t<\/div>\n\t\t\t\t\t<\/div>\n\t\t<\/section>\n\t\t\t\t<\/div>\n\t\t","protected":false},"excerpt":{"rendered":"<p>El Duero, que nace en Espa\u00f1a a m\u00e1s de 2000 metros de altitud, es el tercer r\u00edo m\u00e1s grande de la Pen\u00ednsula Ib\u00e9rica y recorre 850 km hasta su desembocadura en Portugal, entre las ciudades de Oporto y Vila Nova de Gaia. Jug\u00f3 un papel muy importante en la econom\u00eda local, habiendo sido uno de sus principales medios de comunicaci\u00f3n.<\/p>\n","protected":false},"author":189882525,"featured_media":7911,"comment_status":"closed","ping_status":"open","sticky":false,"template":"","format":"standard","meta":{"_jetpack_memberships_contains_paid_content":false,"footnotes":""},"categories":[1608],"tags":[],"class_list":["post-8074","post","type-post","status-publish","format-standard","has-post-thumbnail","hentry","category-region-es"],"yoast_head":"<!-- This site is optimized with the Yoast SEO plugin v27.5 - https:\/\/yoast.com\/product\/yoast-seo-wordpress\/ -->\n<title>El r\u00edo Duero en Castelo de Paiva - Cimo da Vinha<\/title>\n<meta name=\"description\" content=\"El Duero, que nace en Espa\u00f1a a m\u00e1s de 2000 metros de altitud, es el tercer r\u00edo m\u00e1s grande de la Pen\u00ednsula Ib\u00e9rica y recorre 850 km hasta su desembocadura en Portugal, entre las ciudades de Oporto y Vila Nova de Gaia.\" \/>\n<meta name=\"robots\" content=\"index, follow, max-snippet:-1, max-image-preview:large, max-video-preview:-1\" \/>\n<link rel=\"canonical\" href=\"https:\/\/cimodavinha.pt\/es\/el-rio-duero-en-castelo-de-paiva\/\" \/>\n<meta property=\"og:locale\" content=\"es_ES\" \/>\n<meta property=\"og:type\" content=\"article\" \/>\n<meta property=\"og:title\" content=\"El r\u00edo Duero en Castelo de Paiva - Cimo da Vinha\" \/>\n<meta property=\"og:description\" content=\"El Duero, que nace en Espa\u00f1a a m\u00e1s de 2000 metros de altitud, es el tercer r\u00edo m\u00e1s grande de la Pen\u00ednsula Ib\u00e9rica y recorre 850 km hasta su desembocadura en Portugal, entre las ciudades de Oporto y Vila Nova de Gaia.\" \/>\n<meta property=\"og:url\" content=\"https:\/\/cimodavinha.pt\/es\/el-rio-duero-en-castelo-de-paiva\/\" \/>\n<meta property=\"og:site_name\" content=\"Cimo da Vinha\" \/>\n<meta property=\"article:published_time\" content=\"2020-02-22T11:12:41+00:00\" \/>\n<meta property=\"article:modified_time\" content=\"2025-02-20T14:55:04+00:00\" \/>\n<meta property=\"og:image\" content=\"https:\/\/cimodavinha.pt\/wp-content\/uploads\/2021\/04\/praiacastelo2.jpg\" \/>\n\t<meta property=\"og:image:width\" content=\"1000\" \/>\n\t<meta property=\"og:image:height\" content=\"440\" \/>\n\t<meta property=\"og:image:type\" content=\"image\/jpeg\" \/>\n<meta name=\"author\" content=\"Cimo da Vinha\" \/>\n<meta name=\"twitter:card\" content=\"summary_large_image\" \/>\n<meta name=\"twitter:label1\" content=\"Escrito por\" \/>\n\t<meta name=\"twitter:data1\" content=\"Cimo da Vinha\" \/>\n\t<meta name=\"twitter:label2\" content=\"Tiempo de lectura\" \/>\n\t<meta name=\"twitter:data2\" content=\"7 minutos\" \/>\n<script type=\"application\/ld+json\" class=\"yoast-schema-graph\">{\"@context\":\"https:\\\/\\\/schema.org\",\"@graph\":[{\"@type\":\"Article\",\"@id\":\"https:\\\/\\\/cimodavinha.pt\\\/es\\\/el-rio-duero-en-castelo-de-paiva\\\/#article\",\"isPartOf\":{\"@id\":\"https:\\\/\\\/cimodavinha.pt\\\/en\\\/the-douro-river-in-castelo-de-paiva\\\/\"},\"author\":{\"name\":\"Cimo da Vinha\",\"@id\":\"https:\\\/\\\/cimodavinha.pt\\\/en\\\/#\\\/schema\\\/person\\\/02d3b102d9258c774473556a94b21aac\"},\"headline\":\"El r\u00edo Duero en Castelo de Paiva\",\"datePublished\":\"2020-02-22T11:12:41+00:00\",\"dateModified\":\"2025-02-20T14:55:04+00:00\",\"mainEntityOfPage\":{\"@id\":\"https:\\\/\\\/cimodavinha.pt\\\/en\\\/the-douro-river-in-castelo-de-paiva\\\/\"},\"wordCount\":877,\"image\":{\"@id\":\"https:\\\/\\\/cimodavinha.pt\\\/es\\\/el-rio-duero-en-castelo-de-paiva\\\/#primaryimage\"},\"thumbnailUrl\":\"https:\\\/\\\/cimodavinha.pt\\\/wp-content\\\/uploads\\\/2021\\\/04\\\/praiacastelo2.jpg\",\"articleSection\":[\"Regi\u00f3n\"],\"inLanguage\":\"es\"},{\"@type\":\"WebPage\",\"@id\":\"https:\\\/\\\/cimodavinha.pt\\\/en\\\/the-douro-river-in-castelo-de-paiva\\\/\",\"url\":\"https:\\\/\\\/cimodavinha.pt\\\/es\\\/el-rio-duero-en-castelo-de-paiva\\\/\",\"name\":\"El r\u00edo Duero en Castelo de Paiva - Cimo da Vinha\",\"isPartOf\":{\"@id\":\"https:\\\/\\\/cimodavinha.pt\\\/en\\\/#website\"},\"primaryImageOfPage\":{\"@id\":\"https:\\\/\\\/cimodavinha.pt\\\/es\\\/el-rio-duero-en-castelo-de-paiva\\\/#primaryimage\"},\"image\":{\"@id\":\"https:\\\/\\\/cimodavinha.pt\\\/es\\\/el-rio-duero-en-castelo-de-paiva\\\/#primaryimage\"},\"thumbnailUrl\":\"https:\\\/\\\/cimodavinha.pt\\\/wp-content\\\/uploads\\\/2021\\\/04\\\/praiacastelo2.jpg\",\"datePublished\":\"2020-02-22T11:12:41+00:00\",\"dateModified\":\"2025-02-20T14:55:04+00:00\",\"author\":{\"@id\":\"https:\\\/\\\/cimodavinha.pt\\\/en\\\/#\\\/schema\\\/person\\\/02d3b102d9258c774473556a94b21aac\"},\"description\":\"El Duero, que nace en Espa\u00f1a a m\u00e1s de 2000 metros de altitud, es el tercer r\u00edo m\u00e1s grande de la Pen\u00ednsula Ib\u00e9rica y recorre 850 km hasta su desembocadura en Portugal, entre las ciudades de Oporto y Vila Nova de Gaia.\",\"breadcrumb\":{\"@id\":\"https:\\\/\\\/cimodavinha.pt\\\/es\\\/el-rio-duero-en-castelo-de-paiva\\\/#breadcrumb\"},\"inLanguage\":\"es\",\"potentialAction\":[{\"@type\":\"ReadAction\",\"target\":[\"https:\\\/\\\/cimodavinha.pt\\\/es\\\/el-rio-duero-en-castelo-de-paiva\\\/\"]}]},{\"@type\":\"ImageObject\",\"inLanguage\":\"es\",\"@id\":\"https:\\\/\\\/cimodavinha.pt\\\/es\\\/el-rio-duero-en-castelo-de-paiva\\\/#primaryimage\",\"url\":\"https:\\\/\\\/cimodavinha.pt\\\/wp-content\\\/uploads\\\/2021\\\/04\\\/praiacastelo2.jpg\",\"contentUrl\":\"https:\\\/\\\/cimodavinha.pt\\\/wp-content\\\/uploads\\\/2021\\\/04\\\/praiacastelo2.jpg\",\"width\":1000,\"height\":440,\"caption\":\"Ilha dos Amores - Castelo de Paiva\"},{\"@type\":\"BreadcrumbList\",\"@id\":\"https:\\\/\\\/cimodavinha.pt\\\/es\\\/el-rio-duero-en-castelo-de-paiva\\\/#breadcrumb\",\"itemListElement\":[{\"@type\":\"ListItem\",\"position\":1,\"name\":\"In\u00edcio\",\"item\":\"https:\\\/\\\/cimodavinha.pt\\\/en\\\/\"},{\"@type\":\"ListItem\",\"position\":2,\"name\":\"El r\u00edo Duero en Castelo de Paiva\"}]},{\"@type\":\"WebSite\",\"@id\":\"https:\\\/\\\/cimodavinha.pt\\\/en\\\/#website\",\"url\":\"https:\\\/\\\/cimodavinha.pt\\\/en\\\/\",\"name\":\"Cimo da Vinha\",\"description\":\"A un paso del Duero y del Paiva\",\"potentialAction\":[{\"@type\":\"SearchAction\",\"target\":{\"@type\":\"EntryPoint\",\"urlTemplate\":\"https:\\\/\\\/cimodavinha.pt\\\/en\\\/?s={search_term_string}\"},\"query-input\":{\"@type\":\"PropertyValueSpecification\",\"valueRequired\":true,\"valueName\":\"search_term_string\"}}],\"inLanguage\":\"es\"},{\"@type\":\"Person\",\"@id\":\"https:\\\/\\\/cimodavinha.pt\\\/en\\\/#\\\/schema\\\/person\\\/02d3b102d9258c774473556a94b21aac\",\"name\":\"Cimo da Vinha\",\"sameAs\":[\"http:\\\/\\\/cimodavinha.com\"],\"url\":\"https:\\\/\\\/cimodavinha.pt\\\/es\\\/author\\\/cimavinha\\\/\"}]}<\/script>\n<!-- \/ Yoast SEO plugin. -->","yoast_head_json":{"title":"El r\u00edo Duero en Castelo de Paiva - Cimo da Vinha","description":"El Duero, que nace en Espa\u00f1a a m\u00e1s de 2000 metros de altitud, es el tercer r\u00edo m\u00e1s grande de la Pen\u00ednsula Ib\u00e9rica y recorre 850 km hasta su desembocadura en Portugal, entre las ciudades de Oporto y Vila Nova de Gaia.","robots":{"index":"index","follow":"follow","max-snippet":"max-snippet:-1","max-image-preview":"max-image-preview:large","max-video-preview":"max-video-preview:-1"},"canonical":"https:\/\/cimodavinha.pt\/es\/el-rio-duero-en-castelo-de-paiva\/","og_locale":"es_ES","og_type":"article","og_title":"El r\u00edo Duero en Castelo de Paiva - Cimo da Vinha","og_description":"El Duero, que nace en Espa\u00f1a a m\u00e1s de 2000 metros de altitud, es el tercer r\u00edo m\u00e1s grande de la Pen\u00ednsula Ib\u00e9rica y recorre 850 km hasta su desembocadura en Portugal, entre las ciudades de Oporto y Vila Nova de Gaia.","og_url":"https:\/\/cimodavinha.pt\/es\/el-rio-duero-en-castelo-de-paiva\/","og_site_name":"Cimo da Vinha","article_published_time":"2020-02-22T11:12:41+00:00","article_modified_time":"2025-02-20T14:55:04+00:00","og_image":[{"width":1000,"height":440,"url":"https:\/\/cimodavinha.pt\/wp-content\/uploads\/2021\/04\/praiacastelo2.jpg","type":"image\/jpeg"}],"author":"Cimo da Vinha","twitter_card":"summary_large_image","twitter_misc":{"Escrito por":"Cimo da Vinha","Tiempo de lectura":"7 minutos"},"schema":{"@context":"https:\/\/schema.org","@graph":[{"@type":"Article","@id":"https:\/\/cimodavinha.pt\/es\/el-rio-duero-en-castelo-de-paiva\/#article","isPartOf":{"@id":"https:\/\/cimodavinha.pt\/en\/the-douro-river-in-castelo-de-paiva\/"},"author":{"name":"Cimo da Vinha","@id":"https:\/\/cimodavinha.pt\/en\/#\/schema\/person\/02d3b102d9258c774473556a94b21aac"},"headline":"El r\u00edo Duero en Castelo de Paiva","datePublished":"2020-02-22T11:12:41+00:00","dateModified":"2025-02-20T14:55:04+00:00","mainEntityOfPage":{"@id":"https:\/\/cimodavinha.pt\/en\/the-douro-river-in-castelo-de-paiva\/"},"wordCount":877,"image":{"@id":"https:\/\/cimodavinha.pt\/es\/el-rio-duero-en-castelo-de-paiva\/#primaryimage"},"thumbnailUrl":"https:\/\/cimodavinha.pt\/wp-content\/uploads\/2021\/04\/praiacastelo2.jpg","articleSection":["Regi\u00f3n"],"inLanguage":"es"},{"@type":"WebPage","@id":"https:\/\/cimodavinha.pt\/en\/the-douro-river-in-castelo-de-paiva\/","url":"https:\/\/cimodavinha.pt\/es\/el-rio-duero-en-castelo-de-paiva\/","name":"El r\u00edo Duero en Castelo de Paiva - Cimo da Vinha","isPartOf":{"@id":"https:\/\/cimodavinha.pt\/en\/#website"},"primaryImageOfPage":{"@id":"https:\/\/cimodavinha.pt\/es\/el-rio-duero-en-castelo-de-paiva\/#primaryimage"},"image":{"@id":"https:\/\/cimodavinha.pt\/es\/el-rio-duero-en-castelo-de-paiva\/#primaryimage"},"thumbnailUrl":"https:\/\/cimodavinha.pt\/wp-content\/uploads\/2021\/04\/praiacastelo2.jpg","datePublished":"2020-02-22T11:12:41+00:00","dateModified":"2025-02-20T14:55:04+00:00","author":{"@id":"https:\/\/cimodavinha.pt\/en\/#\/schema\/person\/02d3b102d9258c774473556a94b21aac"},"description":"El Duero, que nace en Espa\u00f1a a m\u00e1s de 2000 metros de altitud, es el tercer r\u00edo m\u00e1s grande de la Pen\u00ednsula Ib\u00e9rica y recorre 850 km hasta su desembocadura en Portugal, entre las ciudades de Oporto y Vila Nova de Gaia.","breadcrumb":{"@id":"https:\/\/cimodavinha.pt\/es\/el-rio-duero-en-castelo-de-paiva\/#breadcrumb"},"inLanguage":"es","potentialAction":[{"@type":"ReadAction","target":["https:\/\/cimodavinha.pt\/es\/el-rio-duero-en-castelo-de-paiva\/"]}]},{"@type":"ImageObject","inLanguage":"es","@id":"https:\/\/cimodavinha.pt\/es\/el-rio-duero-en-castelo-de-paiva\/#primaryimage","url":"https:\/\/cimodavinha.pt\/wp-content\/uploads\/2021\/04\/praiacastelo2.jpg","contentUrl":"https:\/\/cimodavinha.pt\/wp-content\/uploads\/2021\/04\/praiacastelo2.jpg","width":1000,"height":440,"caption":"Ilha dos Amores - Castelo de Paiva"},{"@type":"BreadcrumbList","@id":"https:\/\/cimodavinha.pt\/es\/el-rio-duero-en-castelo-de-paiva\/#breadcrumb","itemListElement":[{"@type":"ListItem","position":1,"name":"In\u00edcio","item":"https:\/\/cimodavinha.pt\/en\/"},{"@type":"ListItem","position":2,"name":"El r\u00edo Duero en Castelo de Paiva"}]},{"@type":"WebSite","@id":"https:\/\/cimodavinha.pt\/en\/#website","url":"https:\/\/cimodavinha.pt\/en\/","name":"Cimo da Vinha","description":"A un paso del Duero y del Paiva","potentialAction":[{"@type":"SearchAction","target":{"@type":"EntryPoint","urlTemplate":"https:\/\/cimodavinha.pt\/en\/?s={search_term_string}"},"query-input":{"@type":"PropertyValueSpecification","valueRequired":true,"valueName":"search_term_string"}}],"inLanguage":"es"},{"@type":"Person","@id":"https:\/\/cimodavinha.pt\/en\/#\/schema\/person\/02d3b102d9258c774473556a94b21aac","name":"Cimo da Vinha","sameAs":["http:\/\/cimodavinha.com"],"url":"https:\/\/cimodavinha.pt\/es\/author\/cimavinha\/"}]}},"jetpack_featured_media_url":"https:\/\/cimodavinha.pt\/wp-content\/uploads\/2021\/04\/praiacastelo2.jpg","jetpack_likes_enabled":false,"jetpack_sharing_enabled":true,"jetpack_shortlink":"https:\/\/wp.me\/pccy88-26e","_links":{"self":[{"href":"https:\/\/cimodavinha.pt\/es\/wp-json\/wp\/v2\/posts\/8074","targetHints":{"allow":["GET"]}}],"collection":[{"href":"https:\/\/cimodavinha.pt\/es\/wp-json\/wp\/v2\/posts"}],"about":[{"href":"https:\/\/cimodavinha.pt\/es\/wp-json\/wp\/v2\/types\/post"}],"author":[{"embeddable":true,"href":"https:\/\/cimodavinha.pt\/es\/wp-json\/wp\/v2\/users\/189882525"}],"replies":[{"embeddable":true,"href":"https:\/\/cimodavinha.pt\/es\/wp-json\/wp\/v2\/comments?post=8074"}],"version-history":[{"count":30,"href":"https:\/\/cimodavinha.pt\/es\/wp-json\/wp\/v2\/posts\/8074\/revisions"}],"predecessor-version":[{"id":65412,"href":"https:\/\/cimodavinha.pt\/es\/wp-json\/wp\/v2\/posts\/8074\/revisions\/65412"}],"wp:featuredmedia":[{"embeddable":true,"href":"https:\/\/cimodavinha.pt\/es\/wp-json\/wp\/v2\/media\/7911"}],"wp:attachment":[{"href":"https:\/\/cimodavinha.pt\/es\/wp-json\/wp\/v2\/media?parent=8074"}],"wp:term":[{"taxonomy":"category","embeddable":true,"href":"https:\/\/cimodavinha.pt\/es\/wp-json\/wp\/v2\/categories?post=8074"},{"taxonomy":"post_tag","embeddable":true,"href":"https:\/\/cimodavinha.pt\/es\/wp-json\/wp\/v2\/tags?post=8074"}],"curies":[{"name":"wp","href":"https:\/\/api.w.org\/{rel}","templated":true}]}}